{"id":974,"date":"2014-04-04T18:33:59","date_gmt":"2014-04-04T16:33:59","guid":{"rendered":"http:\/\/www.optimitzat.com\/?post_type=actualidad&#038;p=974"},"modified":"2016-03-16T15:33:58","modified_gmt":"2016-03-16T15:33:58","slug":"curs-dorientacio-al-canvi-gestio-de-lexit-el-fracas-lleida-marc-2-014","status":"publish","type":"post","link":"https:\/\/optimitzat.com\/ca\/curs-dorientacio-al-canvi-gestio-de-lexit-el-fracas-lleida-marc-2-014\/","title":{"rendered":"CURS D\u00b4ORIENTACI\u00d3 AL CANVI: GESTI\u00d3 DE L\u00b4\u00c8XIT I EL FRAC\u00c0S  (LLEIDA MAR\u00c7 2.014)"},"content":{"rendered":"<p><span style=\"font-size: large; color: #000000;\">Realitzat amb \u00e8xit el curs\u00a0CURS D\u00b4ORIENTACI\u00d3 AL CANVI: GESTI\u00d3 DE L\u00b4\u00c8XIT I EL FRAC\u00c0S, tota una experi\u00e8ncia la transformaci\u00f3 viscuda pels alumens durant el curs .<\/span><\/p>\n<p>&nbsp;<\/p>\n<p><span style=\"text-decoration: underline;\"><span style=\"font-size: large; color: #000000; text-decoration: underline;\">Aquests s\u00f3n alguns testimonis:<\/span><\/span><\/p>\n<p><span style=\"font-size: large;\">N\u00daRIA ORIOL \u00a0 &#8220;ARA S\u00d3C M\u00c9S VALENTA&#8221;<\/span><\/p>\n<p><em><span style=\"font-size: large; color: #3366ff;\">&#8220;Abans de con\u00e8ixer al Jordi em sentia buida i poc satisfeta. Despr\u00e8s de la formaci\u00f3 s\u00f3c una altra persona, ara s\u00f3c m\u00e9s valenta i he apr\u00e9s a ser feliz. \u00a0Ara em sento canviada perqu\u00e8 s\u00f3c jo mateixa. \u00a0La meva vida a canviat en positiu.<\/span><\/em><\/p>\n<p><em><span style=\"font-size: large; color: #3366ff;\">Jordi \u00e9s un entusiasta de la seva feina que permet treure el millor de cada persona.<\/span><\/em><\/p>\n<p><em><span style=\"font-size: large; color: #3366ff;\">La meva recomanaci\u00f3 per al Jordi com a gran formador, ho viu intensament i t\u00b4ajuda a trobar el teu cam\u00ed. \u00c9s una gran persona que aconsegueix que les persones se sentin plenes i amb ganes de canviar&#8221;.<\/span><\/em><\/p>\n<p>&nbsp;<\/p>\n<p><span style=\"font-size: large;\">LOURDES TORRES \u00a0 &#8220;HE POGUT SORTIR DE LA MEVA ZONA DE COMFORT&#8221;<\/span><\/p>\n<p><span style=\"color: #3366ff;\"><em><span style=\"font-size: large;\">&#8220;Abans de con\u00e8ixer a en Jordi em senti insegura. Despr\u00e8s de la formaci\u00f3 he pogut sortir de la meva zona de comfort i he apr\u00e9s a prendre ACCI\u00d3. \u00a0Ara em sento millor perqu\u00e8 he comen\u00e7at el canvi.\u00a0<\/span><\/em><\/span><\/p>\n<p><span style=\"color: #3366ff;\"><em><span style=\"font-size: large;\">Jordi \u00e9s intel.ligent, perseverant, amb valors i una persona amb la que pots aconseguir el que vulguis, un bon exemple de persona. \u00a0Amb ell pots obtenir un gran autoconeixement d\u00b4un mateix&#8221;.<\/span><\/em><\/span><\/p>\n<p>&nbsp;<\/p>\n<p><span style=\"font-size: large;\">MARTA VALLS \u00a0 &#8220;HE APR\u00c9S A PENSAR EN POSITIU&#8221; \u00a0<\/span><\/p>\n<p><span style=\"color: #3366ff;\"><em><span style=\"font-size: large;\">&#8220;Abans de la formaci\u00f3 em sentia sense subst\u00e0ncia. Un cop acabada la formaci\u00f3 em sento realitzada, he aconseguit interioritzar i he apr\u00e9s a pensar en positiu. Ara em sento m\u00e9s activa pequ\u00e8 estic motivada. La meva vida a canvit molt a millor.<\/span><\/em><\/span><\/p>\n<p><span style=\"color: #3366ff;\"><em><span style=\"font-size: large;\">Jordi \u00e9s la persona que ha perm\u00e9s aquest aprenentatge&#8221;.<\/span><\/em><\/span><\/p>\n<p>&nbsp;<\/p>\n<p><span style=\"font-size: large;\">MONTSE PLANA \u00a0 \u201cHE ACONSEGUIT ENFRONTAR-ME A LES MEVES PORS&#8221;<\/span><\/p>\n<p><em><span style=\"font-size: large; color: #3366ff;\">&#8220;Un cop acabada la formaci\u00f3 d\u00b4ORIENTACI\u00d3 al CANVI: GESTI\u00d3 DE L`EXIT I EL FRAC\u00c0S, estic m\u00e9s alliberada, he aconseguit enfrontar-me a les meves pors i he apr\u00e9s a fer-me valorar. \u00a0Ara em sento m\u00e9s segura perqu\u00e8 em puc enfrontar millor als errors.\u00a0La meva vida a canviat per a b\u00e9.<\/span><\/em><\/p>\n<p><em><span style=\"font-size: large; color: #3366ff;\">Jordi \u00e9s un bon dinamitzador que permet que et trobis a tu mateix&#8221;.<\/span><\/em><\/p>\n<p>&nbsp;<\/p>\n<p>&nbsp;<\/p>\n","protected":false},"excerpt":{"rendered":"<p>Realitzat amb \u00e8xit el curs\u00a0CURS D\u00b4ORIENTACI\u00d3 AL CANVI: GESTI\u00d3 DE L\u00b4\u00c8XIT I EL FRAC\u00c0S, tota una experi\u00e8ncia la transformaci\u00f3 viscuda pels alumens durant el curs . &nbsp; Aquests s\u00f3n alguns [&hellip;]<\/p>\n","protected":false},"author":5,"featured_media":980,"comment_status":"closed","ping_status":"closed","sticky":false,"template":"","format":"standard","meta":{"_acf_changed":false,"_et_pb_use_builder":"","_et_pb_old_content":"","_et_gb_content_width":"","footnotes":""},"categories":[182],"tags":[],"class_list":["post-974","post","type-post","status-publish","format-standard","has-post-thumbnail","hentry","category-noticies"],"acf":[],"yoast_head":"<!-- This site is optimized with the Yoast SEO plugin v27.5 - https:\/\/yoast.com\/product\/yoast-seo-wordpress\/ -->\n<title>CURS D\u00b4ORIENTACI\u00d3 AL CANVI: GESTI\u00d3 DE L\u00b4\u00c8XIT I EL FRAC\u00c0S (LLEIDA MAR\u00c7 2.014) - Optimitzat<\/title>\n<meta name=\"description\" content=\"COM CANVIAR LA TEVA VIDA AMB \u00c8XIT\" \/>\n<meta name=\"robots\" content=\"index, follow, max-snippet:-1, max-image-preview:large, max-video-preview:-1\" \/>\n<link rel=\"canonical\" href=\"https:\/\/optimitzat.com\/ca\/curs-dorientacio-al-canvi-gestio-de-lexit-el-fracas-lleida-marc-2-014\/\" \/>\n<meta property=\"og:locale\" content=\"ca_ES\" \/>\n<meta property=\"og:type\" content=\"article\" \/>\n<meta property=\"og:title\" content=\"CURS D\u00b4ORIENTACI\u00d3 AL CANVI: GESTI\u00d3 DE L\u00b4\u00c8XIT I EL FRAC\u00c0S (LLEIDA MAR\u00c7 2.014) - Optimitzat\" \/>\n<meta property=\"og:description\" content=\"COM CANVIAR LA TEVA VIDA AMB \u00c8XIT\" \/>\n<meta property=\"og:url\" content=\"https:\/\/optimitzat.com\/ca\/curs-dorientacio-al-canvi-gestio-de-lexit-el-fracas-lleida-marc-2-014\/\" \/>\n<meta property=\"og:site_name\" content=\"Optimitzat\" \/>\n<meta property=\"article:published_time\" content=\"2014-04-04T16:33:59+00:00\" \/>\n<meta property=\"article:modified_time\" content=\"2016-03-16T15:33:58+00:00\" \/>\n<meta property=\"og:image\" content=\"https:\/\/optimitzat.com\/wp-content\/uploads\/2014\/04\/O.-CANVI-GRANOK.jpg\" \/>\n\t<meta property=\"og:image:width\" content=\"768\" \/>\n\t<meta property=\"og:image:height\" content=\"292\" \/>\n\t<meta property=\"og:image:type\" content=\"image\/jpeg\" \/>\n<meta name=\"author\" content=\"Jordi Urgell\" \/>\n<meta name=\"twitter:card\" content=\"summary_large_image\" \/>\n<meta name=\"twitter:label1\" content=\"Escrit per\" \/>\n\t<meta name=\"twitter:data1\" content=\"Jordi Urgell\" \/>\n\t<meta name=\"twitter:label2\" content=\"Temps estimat de lectura\" \/>\n\t<meta name=\"twitter:data2\" content=\"2 minuts\" \/>\n<script type=\"application\/ld+json\" class=\"yoast-schema-graph\">{\"@context\":\"https:\\\/\\\/schema.org\",\"@graph\":[{\"@type\":\"Article\",\"@id\":\"https:\\\/\\\/optimitzat.com\\\/ca\\\/curs-dorientacio-al-canvi-gestio-de-lexit-el-fracas-lleida-marc-2-014\\\/#article\",\"isPartOf\":{\"@id\":\"https:\\\/\\\/optimitzat.com\\\/ca\\\/curs-dorientacio-al-canvi-gestio-de-lexit-el-fracas-lleida-marc-2-014\\\/\"},\"author\":{\"name\":\"Jordi Urgell\",\"@id\":\"https:\\\/\\\/optimitzat.com\\\/ca\\\/#\\\/schema\\\/person\\\/c43559449b0dfdcb17aadc52be9f1e8c\"},\"headline\":\"CURS D\u00b4ORIENTACI\u00d3 AL CANVI: GESTI\u00d3 DE L\u00b4\u00c8XIT I EL FRAC\u00c0S (LLEIDA MAR\u00c7 2.014)\",\"datePublished\":\"2014-04-04T16:33:59+00:00\",\"dateModified\":\"2016-03-16T15:33:58+00:00\",\"mainEntityOfPage\":{\"@id\":\"https:\\\/\\\/optimitzat.com\\\/ca\\\/curs-dorientacio-al-canvi-gestio-de-lexit-el-fracas-lleida-marc-2-014\\\/\"},\"wordCount\":397,\"image\":{\"@id\":\"https:\\\/\\\/optimitzat.com\\\/ca\\\/curs-dorientacio-al-canvi-gestio-de-lexit-el-fracas-lleida-marc-2-014\\\/#primaryimage\"},\"thumbnailUrl\":\"https:\\\/\\\/optimitzat.com\\\/wp-content\\\/uploads\\\/2014\\\/04\\\/O.-CANVI-GRANOK.jpg\",\"articleSection\":[\"NOT\u00cdCIES\"],\"inLanguage\":\"ca\"},{\"@type\":\"WebPage\",\"@id\":\"https:\\\/\\\/optimitzat.com\\\/ca\\\/curs-dorientacio-al-canvi-gestio-de-lexit-el-fracas-lleida-marc-2-014\\\/\",\"url\":\"https:\\\/\\\/optimitzat.com\\\/ca\\\/curs-dorientacio-al-canvi-gestio-de-lexit-el-fracas-lleida-marc-2-014\\\/\",\"name\":\"CURS D\u00b4ORIENTACI\u00d3 AL CANVI: GESTI\u00d3 DE L\u00b4\u00c8XIT I EL FRAC\u00c0S (LLEIDA MAR\u00c7 2.014) - Optimitzat\",\"isPartOf\":{\"@id\":\"https:\\\/\\\/optimitzat.com\\\/ca\\\/#website\"},\"primaryImageOfPage\":{\"@id\":\"https:\\\/\\\/optimitzat.com\\\/ca\\\/curs-dorientacio-al-canvi-gestio-de-lexit-el-fracas-lleida-marc-2-014\\\/#primaryimage\"},\"image\":{\"@id\":\"https:\\\/\\\/optimitzat.com\\\/ca\\\/curs-dorientacio-al-canvi-gestio-de-lexit-el-fracas-lleida-marc-2-014\\\/#primaryimage\"},\"thumbnailUrl\":\"https:\\\/\\\/optimitzat.com\\\/wp-content\\\/uploads\\\/2014\\\/04\\\/O.-CANVI-GRANOK.jpg\",\"datePublished\":\"2014-04-04T16:33:59+00:00\",\"dateModified\":\"2016-03-16T15:33:58+00:00\",\"author\":{\"@id\":\"https:\\\/\\\/optimitzat.com\\\/ca\\\/#\\\/schema\\\/person\\\/c43559449b0dfdcb17aadc52be9f1e8c\"},\"description\":\"COM CANVIAR LA TEVA VIDA AMB \u00c8XIT\",\"breadcrumb\":{\"@id\":\"https:\\\/\\\/optimitzat.com\\\/ca\\\/curs-dorientacio-al-canvi-gestio-de-lexit-el-fracas-lleida-marc-2-014\\\/#breadcrumb\"},\"inLanguage\":\"ca\",\"potentialAction\":[{\"@type\":\"ReadAction\",\"target\":[\"https:\\\/\\\/optimitzat.com\\\/ca\\\/curs-dorientacio-al-canvi-gestio-de-lexit-el-fracas-lleida-marc-2-014\\\/\"]}]},{\"@type\":\"ImageObject\",\"inLanguage\":\"ca\",\"@id\":\"https:\\\/\\\/optimitzat.com\\\/ca\\\/curs-dorientacio-al-canvi-gestio-de-lexit-el-fracas-lleida-marc-2-014\\\/#primaryimage\",\"url\":\"https:\\\/\\\/optimitzat.com\\\/wp-content\\\/uploads\\\/2014\\\/04\\\/O.-CANVI-GRANOK.jpg\",\"contentUrl\":\"https:\\\/\\\/optimitzat.com\\\/wp-content\\\/uploads\\\/2014\\\/04\\\/O.-CANVI-GRANOK.jpg\",\"width\":768,\"height\":292,\"caption\":\"COACHING PARA EL \u00c9XITO\"},{\"@type\":\"BreadcrumbList\",\"@id\":\"https:\\\/\\\/optimitzat.com\\\/ca\\\/curs-dorientacio-al-canvi-gestio-de-lexit-el-fracas-lleida-marc-2-014\\\/#breadcrumb\",\"itemListElement\":[{\"@type\":\"ListItem\",\"position\":1,\"name\":\"Portada\",\"item\":\"https:\\\/\\\/optimitzat.com\\\/ca\\\/inici\\\/\"},{\"@type\":\"ListItem\",\"position\":2,\"name\":\"CURS D\u00b4ORIENTACI\u00d3 AL CANVI: GESTI\u00d3 DE L\u00b4\u00c8XIT I EL FRAC\u00c0S (LLEIDA MAR\u00c7 2.014)\"}]},{\"@type\":\"WebSite\",\"@id\":\"https:\\\/\\\/optimitzat.com\\\/ca\\\/#website\",\"url\":\"https:\\\/\\\/optimitzat.com\\\/ca\\\/\",\"name\":\"Optimitzat\",\"description\":\"Ventas, Liderazgo Equipos Alto rendimiento y Motivaci\u00f3n\",\"potentialAction\":[{\"@type\":\"SearchAction\",\"target\":{\"@type\":\"EntryPoint\",\"urlTemplate\":\"https:\\\/\\\/optimitzat.com\\\/ca\\\/?s={search_term_string}\"},\"query-input\":{\"@type\":\"PropertyValueSpecification\",\"valueRequired\":true,\"valueName\":\"search_term_string\"}}],\"inLanguage\":\"ca\"},{\"@type\":\"Person\",\"@id\":\"https:\\\/\\\/optimitzat.com\\\/ca\\\/#\\\/schema\\\/person\\\/c43559449b0dfdcb17aadc52be9f1e8c\",\"name\":\"Jordi Urgell\",\"image\":{\"@type\":\"ImageObject\",\"inLanguage\":\"ca\",\"@id\":\"https:\\\/\\\/secure.gravatar.com\\\/avatar\\\/235180933e34092574bdde878cc36458c3670d8c7ed561b740d85bab77d3f185?s=96&d=mm&r=g\",\"url\":\"https:\\\/\\\/secure.gravatar.com\\\/avatar\\\/235180933e34092574bdde878cc36458c3670d8c7ed561b740d85bab77d3f185?s=96&d=mm&r=g\",\"contentUrl\":\"https:\\\/\\\/secure.gravatar.com\\\/avatar\\\/235180933e34092574bdde878cc36458c3670d8c7ed561b740d85bab77d3f185?s=96&d=mm&r=g\",\"caption\":\"Jordi Urgell\"},\"description\":\"Ayudo empresas y personas a potenciar sus resultados con las 2 palancas m\u00e1s importantes: Ventas + Liderazgo (Equipos alto rendimiento motivados) C\u00f3mo:\u00a0 Con un Sistema probado basado en conocimientos + amplia experiencia\u00a0 (gran cantidad de casos de \u00e9xito y testimonios avalan). Soy Mentor&amp;coach profesional certificado por la International Coach Federation (ICF, n\u00ba de socio 20121083). Consultor y formador de alto impacto. Especialista en Ventas, Motivaci\u00f3n\u00a0 y Coaching&amp;Liderazgo Equipos de Alto Rendimiento (EAR)\"}]}<\/script>\n<!-- \/ Yoast SEO plugin. -->","yoast_head_json":{"title":"CURS D\u00b4ORIENTACI\u00d3 AL CANVI: GESTI\u00d3 DE L\u00b4\u00c8XIT I EL FRAC\u00c0S (LLEIDA MAR\u00c7 2.014) - Optimitzat","description":"COM CANVIAR LA TEVA VIDA AMB \u00c8XIT","robots":{"index":"index","follow":"follow","max-snippet":"max-snippet:-1","max-image-preview":"max-image-preview:large","max-video-preview":"max-video-preview:-1"},"canonical":"https:\/\/optimitzat.com\/ca\/curs-dorientacio-al-canvi-gestio-de-lexit-el-fracas-lleida-marc-2-014\/","og_locale":"ca_ES","og_type":"article","og_title":"CURS D\u00b4ORIENTACI\u00d3 AL CANVI: GESTI\u00d3 DE L\u00b4\u00c8XIT I EL FRAC\u00c0S (LLEIDA MAR\u00c7 2.014) - Optimitzat","og_description":"COM CANVIAR LA TEVA VIDA AMB \u00c8XIT","og_url":"https:\/\/optimitzat.com\/ca\/curs-dorientacio-al-canvi-gestio-de-lexit-el-fracas-lleida-marc-2-014\/","og_site_name":"Optimitzat","article_published_time":"2014-04-04T16:33:59+00:00","article_modified_time":"2016-03-16T15:33:58+00:00","og_image":[{"width":768,"height":292,"url":"https:\/\/optimitzat.com\/wp-content\/uploads\/2014\/04\/O.-CANVI-GRANOK.jpg","type":"image\/jpeg"}],"author":"Jordi Urgell","twitter_card":"summary_large_image","twitter_misc":{"Escrit per":"Jordi Urgell","Temps estimat de lectura":"2 minuts"},"schema":{"@context":"https:\/\/schema.org","@graph":[{"@type":"Article","@id":"https:\/\/optimitzat.com\/ca\/curs-dorientacio-al-canvi-gestio-de-lexit-el-fracas-lleida-marc-2-014\/#article","isPartOf":{"@id":"https:\/\/optimitzat.com\/ca\/curs-dorientacio-al-canvi-gestio-de-lexit-el-fracas-lleida-marc-2-014\/"},"author":{"name":"Jordi Urgell","@id":"https:\/\/optimitzat.com\/ca\/#\/schema\/person\/c43559449b0dfdcb17aadc52be9f1e8c"},"headline":"CURS D\u00b4ORIENTACI\u00d3 AL CANVI: GESTI\u00d3 DE L\u00b4\u00c8XIT I EL FRAC\u00c0S (LLEIDA MAR\u00c7 2.014)","datePublished":"2014-04-04T16:33:59+00:00","dateModified":"2016-03-16T15:33:58+00:00","mainEntityOfPage":{"@id":"https:\/\/optimitzat.com\/ca\/curs-dorientacio-al-canvi-gestio-de-lexit-el-fracas-lleida-marc-2-014\/"},"wordCount":397,"image":{"@id":"https:\/\/optimitzat.com\/ca\/curs-dorientacio-al-canvi-gestio-de-lexit-el-fracas-lleida-marc-2-014\/#primaryimage"},"thumbnailUrl":"https:\/\/optimitzat.com\/wp-content\/uploads\/2014\/04\/O.-CANVI-GRANOK.jpg","articleSection":["NOT\u00cdCIES"],"inLanguage":"ca"},{"@type":"WebPage","@id":"https:\/\/optimitzat.com\/ca\/curs-dorientacio-al-canvi-gestio-de-lexit-el-fracas-lleida-marc-2-014\/","url":"https:\/\/optimitzat.com\/ca\/curs-dorientacio-al-canvi-gestio-de-lexit-el-fracas-lleida-marc-2-014\/","name":"CURS D\u00b4ORIENTACI\u00d3 AL CANVI: GESTI\u00d3 DE L\u00b4\u00c8XIT I EL FRAC\u00c0S (LLEIDA MAR\u00c7 2.014) - Optimitzat","isPartOf":{"@id":"https:\/\/optimitzat.com\/ca\/#website"},"primaryImageOfPage":{"@id":"https:\/\/optimitzat.com\/ca\/curs-dorientacio-al-canvi-gestio-de-lexit-el-fracas-lleida-marc-2-014\/#primaryimage"},"image":{"@id":"https:\/\/optimitzat.com\/ca\/curs-dorientacio-al-canvi-gestio-de-lexit-el-fracas-lleida-marc-2-014\/#primaryimage"},"thumbnailUrl":"https:\/\/optimitzat.com\/wp-content\/uploads\/2014\/04\/O.-CANVI-GRANOK.jpg","datePublished":"2014-04-04T16:33:59+00:00","dateModified":"2016-03-16T15:33:58+00:00","author":{"@id":"https:\/\/optimitzat.com\/ca\/#\/schema\/person\/c43559449b0dfdcb17aadc52be9f1e8c"},"description":"COM CANVIAR LA TEVA VIDA AMB \u00c8XIT","breadcrumb":{"@id":"https:\/\/optimitzat.com\/ca\/curs-dorientacio-al-canvi-gestio-de-lexit-el-fracas-lleida-marc-2-014\/#breadcrumb"},"inLanguage":"ca","potentialAction":[{"@type":"ReadAction","target":["https:\/\/optimitzat.com\/ca\/curs-dorientacio-al-canvi-gestio-de-lexit-el-fracas-lleida-marc-2-014\/"]}]},{"@type":"ImageObject","inLanguage":"ca","@id":"https:\/\/optimitzat.com\/ca\/curs-dorientacio-al-canvi-gestio-de-lexit-el-fracas-lleida-marc-2-014\/#primaryimage","url":"https:\/\/optimitzat.com\/wp-content\/uploads\/2014\/04\/O.-CANVI-GRANOK.jpg","contentUrl":"https:\/\/optimitzat.com\/wp-content\/uploads\/2014\/04\/O.-CANVI-GRANOK.jpg","width":768,"height":292,"caption":"COACHING PARA EL \u00c9XITO"},{"@type":"BreadcrumbList","@id":"https:\/\/optimitzat.com\/ca\/curs-dorientacio-al-canvi-gestio-de-lexit-el-fracas-lleida-marc-2-014\/#breadcrumb","itemListElement":[{"@type":"ListItem","position":1,"name":"Portada","item":"https:\/\/optimitzat.com\/ca\/inici\/"},{"@type":"ListItem","position":2,"name":"CURS D\u00b4ORIENTACI\u00d3 AL CANVI: GESTI\u00d3 DE L\u00b4\u00c8XIT I EL FRAC\u00c0S (LLEIDA MAR\u00c7 2.014)"}]},{"@type":"WebSite","@id":"https:\/\/optimitzat.com\/ca\/#website","url":"https:\/\/optimitzat.com\/ca\/","name":"Optimitzat","description":"Ventas, Liderazgo Equipos Alto rendimiento y Motivaci\u00f3n","potentialAction":[{"@type":"SearchAction","target":{"@type":"EntryPoint","urlTemplate":"https:\/\/optimitzat.com\/ca\/?s={search_term_string}"},"query-input":{"@type":"PropertyValueSpecification","valueRequired":true,"valueName":"search_term_string"}}],"inLanguage":"ca"},{"@type":"Person","@id":"https:\/\/optimitzat.com\/ca\/#\/schema\/person\/c43559449b0dfdcb17aadc52be9f1e8c","name":"Jordi Urgell","image":{"@type":"ImageObject","inLanguage":"ca","@id":"https:\/\/secure.gravatar.com\/avatar\/235180933e34092574bdde878cc36458c3670d8c7ed561b740d85bab77d3f185?s=96&d=mm&r=g","url":"https:\/\/secure.gravatar.com\/avatar\/235180933e34092574bdde878cc36458c3670d8c7ed561b740d85bab77d3f185?s=96&d=mm&r=g","contentUrl":"https:\/\/secure.gravatar.com\/avatar\/235180933e34092574bdde878cc36458c3670d8c7ed561b740d85bab77d3f185?s=96&d=mm&r=g","caption":"Jordi Urgell"},"description":"Ayudo empresas y personas a potenciar sus resultados con las 2 palancas m\u00e1s importantes: Ventas + Liderazgo (Equipos alto rendimiento motivados) C\u00f3mo:\u00a0 Con un Sistema probado basado en conocimientos + amplia experiencia\u00a0 (gran cantidad de casos de \u00e9xito y testimonios avalan). Soy Mentor&amp;coach profesional certificado por la International Coach Federation (ICF, n\u00ba de socio 20121083). Consultor y formador de alto impacto. Especialista en Ventas, Motivaci\u00f3n\u00a0 y Coaching&amp;Liderazgo Equipos de Alto Rendimiento (EAR)"}]}},"_links":{"self":[{"href":"https:\/\/optimitzat.com\/ca\/wp-json\/wp\/v2\/posts\/974","targetHints":{"allow":["GET"]}}],"collection":[{"href":"https:\/\/optimitzat.com\/ca\/wp-json\/wp\/v2\/posts"}],"about":[{"href":"https:\/\/optimitzat.com\/ca\/wp-json\/wp\/v2\/types\/post"}],"author":[{"embeddable":true,"href":"https:\/\/optimitzat.com\/ca\/wp-json\/wp\/v2\/users\/5"}],"replies":[{"embeddable":true,"href":"https:\/\/optimitzat.com\/ca\/wp-json\/wp\/v2\/comments?post=974"}],"version-history":[{"count":1,"href":"https:\/\/optimitzat.com\/ca\/wp-json\/wp\/v2\/posts\/974\/revisions"}],"predecessor-version":[{"id":3914,"href":"https:\/\/optimitzat.com\/ca\/wp-json\/wp\/v2\/posts\/974\/revisions\/3914"}],"wp:featuredmedia":[{"embeddable":true,"href":"https:\/\/optimitzat.com\/ca\/wp-json\/wp\/v2\/media\/980"}],"wp:attachment":[{"href":"https:\/\/optimitzat.com\/ca\/wp-json\/wp\/v2\/media?parent=974"}],"wp:term":[{"taxonomy":"category","embeddable":true,"href":"https:\/\/optimitzat.com\/ca\/wp-json\/wp\/v2\/categories?post=974"},{"taxonomy":"post_tag","embeddable":true,"href":"https:\/\/optimitzat.com\/ca\/wp-json\/wp\/v2\/tags?post=974"}],"curies":[{"name":"wp","href":"https:\/\/api.w.org\/{rel}","templated":true}]}}