{"id":951,"date":"2014-04-04T17:38:01","date_gmt":"2014-04-04T15:38:01","guid":{"rendered":"http:\/\/www.optimitzat.com\/?post_type=actualidad&#038;p=951"},"modified":"2016-03-16T15:33:58","modified_gmt":"2016-03-16T15:33:58","slug":"curs-dintel-ligencia-emocional-resolucio-de-conflictes-lleida-febrer-2-014","status":"publish","type":"post","link":"https:\/\/optimitzat.com\/ca\/curs-dintel-ligencia-emocional-resolucio-de-conflictes-lleida-febrer-2-014\/","title":{"rendered":"CURS D\u00b4INTEL.LIG\u00c8NCIA EMOCIONAL I RESOLUCI\u00d3 DE CONFLICTES (LLEIDA FEBRER 2.014)"},"content":{"rendered":"<p><span style=\"font-size: large; color: #000000;\">Finalitzat amb \u00e8xit el curs de INTEL \u00b7 LIG\u00c8NCIA EMOCIONAL I RESOLUCI\u00d3 DE CONFLICTES .<\/span><\/p>\n<p><span style=\"font-size: large; color: #000000;\">Gr\u00e0cies a tots els alumnes per la vostra participaci\u00f3 i ganes , ha estat una gran experi\u00e8ncia .<\/span><\/p>\n<p><span style=\"font-size: large; color: #000000;\">\u00a0<\/span><\/p>\n<p><span style=\"text-decoration: underline;\"><span style=\"font-size: large; color: #000000; text-decoration: underline;\">Aquests s\u00f3n alguns testimonis dels participants :<\/span><\/span><\/p>\n<p><span style=\"font-size: large; color: #000000;\">BENVINGUDA VILLAFRANCA<\/span><\/p>\n<p><span style=\"color: #3366ff;\"><em><span style=\"font-size: large;\">&#8220;Abans de con\u00e8ixer a Jordi em sentia una mica perduda. Despr\u00e9s de la formaci\u00f3 he aconseguit con\u00e8ixer i entendre m\u00e9s i millor a les persones del meu entorn i he apr\u00e8s que no tot \u00e9s el que sembla.Jordi \u00e9s un professional que permet que et coneguis millor i creixis &#8221; .<\/span><\/em><\/span><\/p>\n<p><span style=\"font-size: large; color: #000000;\">\u00a0<\/span><\/p>\n<p><span style=\"font-size: large; color: #000000;\">RAMONA FALGUERA<\/span><\/p>\n<p><span style=\"color: #3366ff;\"><em><span style=\"font-size: large;\">&#8220;Abans de con\u00e8ixer a en Jordi no em coneixia molt b\u00e9 . Despr\u00e9s de la formaci\u00f3 he aconseguit con\u00e8ixer-me de veritat i ha apr\u00e8s a gestionar les meves emocions . Ara em sento m\u00e9s a gust perqu\u00e8 s\u00e9 el que vull . La meva vida ha canviat positivament .<\/span><\/em><\/span><\/p>\n<p><span style=\"color: #3366ff;\"><em><span style=\"font-size: large;\">Jordi \u00e9s un professor que permet mirar la vida de forma emp\u00e0tica i positiva &#8221; .<\/span><\/em><\/span><\/p>\n<p><span style=\"font-size: large; color: #000000;\">\u00a0<\/span><\/p>\n<p><span style=\"font-size: large; color: #000000;\">ALBA Aldavert<\/span><\/p>\n<p><span style=\"color: #3366ff;\"><em><span style=\"font-size: large;\">&#8220;Abans de con\u00e8ixer a Jordi em vaig sentir tancada , nerviosa i inc\u00f2moda . Un cop realitzada la formaci\u00f3 estic m\u00e9s tranquil \u00b7 la, he aconseguit con\u00e8ixer de veritat i he apr\u00e8s molt de mi i dels otrs . Ara em sento m\u00e9s energ\u00e8tica perqu\u00e8 tinc eines. La meva vida ha canviat en donar-li m\u00e9s sentit .<\/span><\/em><\/span><\/p>\n<p><span style=\"color: #3366ff;\"><em><span style=\"font-size: large;\">Jordi \u00e9s atent , amable i un professional amb do comunicatiu que permet aprendre i interioritzar conceptes i maneres de fer &#8221; .<\/span><\/em><\/span><\/p>\n","protected":false},"excerpt":{"rendered":"<p>Finalitzat amb \u00e8xit el curs de INTEL \u00b7 LIG\u00c8NCIA EMOCIONAL I RESOLUCI\u00d3 DE CONFLICTES . Gr\u00e0cies a tots els alumnes per la vostra participaci\u00f3 i ganes , ha estat una [&hellip;]<\/p>\n","protected":false},"author":5,"featured_media":763,"comment_status":"closed","ping_status":"closed","sticky":false,"template":"","format":"standard","meta":{"_acf_changed":false,"_et_pb_use_builder":"","_et_pb_old_content":"","_et_gb_content_width":"","footnotes":""},"categories":[182],"tags":[],"class_list":["post-951","post","type-post","status-publish","format-standard","has-post-thumbnail","hentry","category-noticies"],"acf":[],"yoast_head":"<!-- This site is optimized with the Yoast SEO plugin v27.5 - https:\/\/yoast.com\/product\/yoast-seo-wordpress\/ -->\n<title>CURS D\u00b4INTEL.LIG\u00c8NCIA EMOCIONAL I RESOLUCI\u00d3 DE CONFLICTES (LLEIDA FEBRER 2.014) - Optimitzat<\/title>\n<meta name=\"description\" content=\"CURS D\u00b4INTEL.LIG\u00c8NCIA EMOCIONAL I RESOLUCI\u00d3 DE CONFLICTES\" \/>\n<meta name=\"robots\" content=\"index, follow, max-snippet:-1, max-image-preview:large, max-video-preview:-1\" \/>\n<link rel=\"canonical\" href=\"https:\/\/optimitzat.com\/ca\/curs-dintel-ligencia-emocional-resolucio-de-conflictes-lleida-febrer-2-014\/\" \/>\n<meta property=\"og:locale\" content=\"ca_ES\" \/>\n<meta property=\"og:type\" content=\"article\" \/>\n<meta property=\"og:title\" content=\"CURS D\u00b4INTEL.LIG\u00c8NCIA EMOCIONAL I RESOLUCI\u00d3 DE CONFLICTES (LLEIDA FEBRER 2.014) - Optimitzat\" \/>\n<meta property=\"og:description\" content=\"CURS D\u00b4INTEL.LIG\u00c8NCIA EMOCIONAL I RESOLUCI\u00d3 DE CONFLICTES\" \/>\n<meta property=\"og:url\" content=\"https:\/\/optimitzat.com\/ca\/curs-dintel-ligencia-emocional-resolucio-de-conflictes-lleida-febrer-2-014\/\" \/>\n<meta property=\"og:site_name\" content=\"Optimitzat\" \/>\n<meta property=\"article:published_time\" content=\"2014-04-04T15:38:01+00:00\" \/>\n<meta property=\"article:modified_time\" content=\"2016-03-16T15:33:58+00:00\" \/>\n<meta property=\"og:image\" content=\"https:\/\/optimitzat.com\/wp-content\/uploads\/2014\/01\/problema-solucion.png\" \/>\n\t<meta property=\"og:image:width\" content=\"276\" \/>\n\t<meta property=\"og:image:height\" content=\"183\" \/>\n\t<meta property=\"og:image:type\" content=\"image\/png\" \/>\n<meta name=\"author\" content=\"Jordi Urgell\" \/>\n<meta name=\"twitter:card\" content=\"summary_large_image\" \/>\n<meta name=\"twitter:label1\" content=\"Escrit per\" \/>\n\t<meta name=\"twitter:data1\" content=\"Jordi Urgell\" \/>\n\t<meta name=\"twitter:label2\" content=\"Temps estimat de lectura\" \/>\n\t<meta name=\"twitter:data2\" content=\"1 minut\" \/>\n<script type=\"application\/ld+json\" class=\"yoast-schema-graph\">{\"@context\":\"https:\\\/\\\/schema.org\",\"@graph\":[{\"@type\":\"Article\",\"@id\":\"https:\\\/\\\/optimitzat.com\\\/ca\\\/curs-dintel-ligencia-emocional-resolucio-de-conflictes-lleida-febrer-2-014\\\/#article\",\"isPartOf\":{\"@id\":\"https:\\\/\\\/optimitzat.com\\\/ca\\\/curs-dintel-ligencia-emocional-resolucio-de-conflictes-lleida-febrer-2-014\\\/\"},\"author\":{\"name\":\"Jordi Urgell\",\"@id\":\"https:\\\/\\\/optimitzat.com\\\/ca\\\/#\\\/schema\\\/person\\\/c43559449b0dfdcb17aadc52be9f1e8c\"},\"headline\":\"CURS D\u00b4INTEL.LIG\u00c8NCIA EMOCIONAL I RESOLUCI\u00d3 DE CONFLICTES (LLEIDA FEBRER 2.014)\",\"datePublished\":\"2014-04-04T15:38:01+00:00\",\"dateModified\":\"2016-03-16T15:33:58+00:00\",\"mainEntityOfPage\":{\"@id\":\"https:\\\/\\\/optimitzat.com\\\/ca\\\/curs-dintel-ligencia-emocional-resolucio-de-conflictes-lleida-febrer-2-014\\\/\"},\"wordCount\":257,\"image\":{\"@id\":\"https:\\\/\\\/optimitzat.com\\\/ca\\\/curs-dintel-ligencia-emocional-resolucio-de-conflictes-lleida-febrer-2-014\\\/#primaryimage\"},\"thumbnailUrl\":\"https:\\\/\\\/optimitzat.com\\\/wp-content\\\/uploads\\\/2014\\\/01\\\/problema-solucion.png\",\"articleSection\":[\"NOT\u00cdCIES\"],\"inLanguage\":\"ca\"},{\"@type\":\"WebPage\",\"@id\":\"https:\\\/\\\/optimitzat.com\\\/ca\\\/curs-dintel-ligencia-emocional-resolucio-de-conflictes-lleida-febrer-2-014\\\/\",\"url\":\"https:\\\/\\\/optimitzat.com\\\/ca\\\/curs-dintel-ligencia-emocional-resolucio-de-conflictes-lleida-febrer-2-014\\\/\",\"name\":\"CURS D\u00b4INTEL.LIG\u00c8NCIA EMOCIONAL I RESOLUCI\u00d3 DE CONFLICTES (LLEIDA FEBRER 2.014) - Optimitzat\",\"isPartOf\":{\"@id\":\"https:\\\/\\\/optimitzat.com\\\/ca\\\/#website\"},\"primaryImageOfPage\":{\"@id\":\"https:\\\/\\\/optimitzat.com\\\/ca\\\/curs-dintel-ligencia-emocional-resolucio-de-conflictes-lleida-febrer-2-014\\\/#primaryimage\"},\"image\":{\"@id\":\"https:\\\/\\\/optimitzat.com\\\/ca\\\/curs-dintel-ligencia-emocional-resolucio-de-conflictes-lleida-febrer-2-014\\\/#primaryimage\"},\"thumbnailUrl\":\"https:\\\/\\\/optimitzat.com\\\/wp-content\\\/uploads\\\/2014\\\/01\\\/problema-solucion.png\",\"datePublished\":\"2014-04-04T15:38:01+00:00\",\"dateModified\":\"2016-03-16T15:33:58+00:00\",\"author\":{\"@id\":\"https:\\\/\\\/optimitzat.com\\\/ca\\\/#\\\/schema\\\/person\\\/c43559449b0dfdcb17aadc52be9f1e8c\"},\"description\":\"CURS D\u00b4INTEL.LIG\u00c8NCIA EMOCIONAL I RESOLUCI\u00d3 DE CONFLICTES\",\"breadcrumb\":{\"@id\":\"https:\\\/\\\/optimitzat.com\\\/ca\\\/curs-dintel-ligencia-emocional-resolucio-de-conflictes-lleida-febrer-2-014\\\/#breadcrumb\"},\"inLanguage\":\"ca\",\"potentialAction\":[{\"@type\":\"ReadAction\",\"target\":[\"https:\\\/\\\/optimitzat.com\\\/ca\\\/curs-dintel-ligencia-emocional-resolucio-de-conflictes-lleida-febrer-2-014\\\/\"]}]},{\"@type\":\"ImageObject\",\"inLanguage\":\"ca\",\"@id\":\"https:\\\/\\\/optimitzat.com\\\/ca\\\/curs-dintel-ligencia-emocional-resolucio-de-conflictes-lleida-febrer-2-014\\\/#primaryimage\",\"url\":\"https:\\\/\\\/optimitzat.com\\\/wp-content\\\/uploads\\\/2014\\\/01\\\/problema-solucion.png\",\"contentUrl\":\"https:\\\/\\\/optimitzat.com\\\/wp-content\\\/uploads\\\/2014\\\/01\\\/problema-solucion.png\",\"width\":276,\"height\":183,\"caption\":\"TRANSFORMAR PROBLEMAS\"},{\"@type\":\"BreadcrumbList\",\"@id\":\"https:\\\/\\\/optimitzat.com\\\/ca\\\/curs-dintel-ligencia-emocional-resolucio-de-conflictes-lleida-febrer-2-014\\\/#breadcrumb\",\"itemListElement\":[{\"@type\":\"ListItem\",\"position\":1,\"name\":\"Portada\",\"item\":\"https:\\\/\\\/optimitzat.com\\\/ca\\\/inici\\\/\"},{\"@type\":\"ListItem\",\"position\":2,\"name\":\"CURS D\u00b4INTEL.LIG\u00c8NCIA EMOCIONAL I RESOLUCI\u00d3 DE CONFLICTES (LLEIDA FEBRER 2.014)\"}]},{\"@type\":\"WebSite\",\"@id\":\"https:\\\/\\\/optimitzat.com\\\/ca\\\/#website\",\"url\":\"https:\\\/\\\/optimitzat.com\\\/ca\\\/\",\"name\":\"Optimitzat\",\"description\":\"Ventas, Liderazgo Equipos Alto rendimiento y Motivaci\u00f3n\",\"potentialAction\":[{\"@type\":\"SearchAction\",\"target\":{\"@type\":\"EntryPoint\",\"urlTemplate\":\"https:\\\/\\\/optimitzat.com\\\/ca\\\/?s={search_term_string}\"},\"query-input\":{\"@type\":\"PropertyValueSpecification\",\"valueRequired\":true,\"valueName\":\"search_term_string\"}}],\"inLanguage\":\"ca\"},{\"@type\":\"Person\",\"@id\":\"https:\\\/\\\/optimitzat.com\\\/ca\\\/#\\\/schema\\\/person\\\/c43559449b0dfdcb17aadc52be9f1e8c\",\"name\":\"Jordi Urgell\",\"image\":{\"@type\":\"ImageObject\",\"inLanguage\":\"ca\",\"@id\":\"https:\\\/\\\/secure.gravatar.com\\\/avatar\\\/235180933e34092574bdde878cc36458c3670d8c7ed561b740d85bab77d3f185?s=96&d=mm&r=g\",\"url\":\"https:\\\/\\\/secure.gravatar.com\\\/avatar\\\/235180933e34092574bdde878cc36458c3670d8c7ed561b740d85bab77d3f185?s=96&d=mm&r=g\",\"contentUrl\":\"https:\\\/\\\/secure.gravatar.com\\\/avatar\\\/235180933e34092574bdde878cc36458c3670d8c7ed561b740d85bab77d3f185?s=96&d=mm&r=g\",\"caption\":\"Jordi Urgell\"},\"description\":\"Ayudo empresas y personas a potenciar sus resultados con las 2 palancas m\u00e1s importantes: Ventas + Liderazgo (Equipos alto rendimiento motivados) C\u00f3mo:\u00a0 Con un Sistema probado basado en conocimientos + amplia experiencia\u00a0 (gran cantidad de casos de \u00e9xito y testimonios avalan). Soy Mentor&amp;coach profesional certificado por la International Coach Federation (ICF, n\u00ba de socio 20121083). Consultor y formador de alto impacto. Especialista en Ventas, Motivaci\u00f3n\u00a0 y Coaching&amp;Liderazgo Equipos de Alto Rendimiento (EAR)\"}]}<\/script>\n<!-- \/ Yoast SEO plugin. -->","yoast_head_json":{"title":"CURS D\u00b4INTEL.LIG\u00c8NCIA EMOCIONAL I RESOLUCI\u00d3 DE CONFLICTES (LLEIDA FEBRER 2.014) - Optimitzat","description":"CURS D\u00b4INTEL.LIG\u00c8NCIA EMOCIONAL I RESOLUCI\u00d3 DE CONFLICTES","robots":{"index":"index","follow":"follow","max-snippet":"max-snippet:-1","max-image-preview":"max-image-preview:large","max-video-preview":"max-video-preview:-1"},"canonical":"https:\/\/optimitzat.com\/ca\/curs-dintel-ligencia-emocional-resolucio-de-conflictes-lleida-febrer-2-014\/","og_locale":"ca_ES","og_type":"article","og_title":"CURS D\u00b4INTEL.LIG\u00c8NCIA EMOCIONAL I RESOLUCI\u00d3 DE CONFLICTES (LLEIDA FEBRER 2.014) - Optimitzat","og_description":"CURS D\u00b4INTEL.LIG\u00c8NCIA EMOCIONAL I RESOLUCI\u00d3 DE CONFLICTES","og_url":"https:\/\/optimitzat.com\/ca\/curs-dintel-ligencia-emocional-resolucio-de-conflictes-lleida-febrer-2-014\/","og_site_name":"Optimitzat","article_published_time":"2014-04-04T15:38:01+00:00","article_modified_time":"2016-03-16T15:33:58+00:00","og_image":[{"width":276,"height":183,"url":"https:\/\/optimitzat.com\/wp-content\/uploads\/2014\/01\/problema-solucion.png","type":"image\/png"}],"author":"Jordi Urgell","twitter_card":"summary_large_image","twitter_misc":{"Escrit per":"Jordi Urgell","Temps estimat de lectura":"1 minut"},"schema":{"@context":"https:\/\/schema.org","@graph":[{"@type":"Article","@id":"https:\/\/optimitzat.com\/ca\/curs-dintel-ligencia-emocional-resolucio-de-conflictes-lleida-febrer-2-014\/#article","isPartOf":{"@id":"https:\/\/optimitzat.com\/ca\/curs-dintel-ligencia-emocional-resolucio-de-conflictes-lleida-febrer-2-014\/"},"author":{"name":"Jordi Urgell","@id":"https:\/\/optimitzat.com\/ca\/#\/schema\/person\/c43559449b0dfdcb17aadc52be9f1e8c"},"headline":"CURS D\u00b4INTEL.LIG\u00c8NCIA EMOCIONAL I RESOLUCI\u00d3 DE CONFLICTES (LLEIDA FEBRER 2.014)","datePublished":"2014-04-04T15:38:01+00:00","dateModified":"2016-03-16T15:33:58+00:00","mainEntityOfPage":{"@id":"https:\/\/optimitzat.com\/ca\/curs-dintel-ligencia-emocional-resolucio-de-conflictes-lleida-febrer-2-014\/"},"wordCount":257,"image":{"@id":"https:\/\/optimitzat.com\/ca\/curs-dintel-ligencia-emocional-resolucio-de-conflictes-lleida-febrer-2-014\/#primaryimage"},"thumbnailUrl":"https:\/\/optimitzat.com\/wp-content\/uploads\/2014\/01\/problema-solucion.png","articleSection":["NOT\u00cdCIES"],"inLanguage":"ca"},{"@type":"WebPage","@id":"https:\/\/optimitzat.com\/ca\/curs-dintel-ligencia-emocional-resolucio-de-conflictes-lleida-febrer-2-014\/","url":"https:\/\/optimitzat.com\/ca\/curs-dintel-ligencia-emocional-resolucio-de-conflictes-lleida-febrer-2-014\/","name":"CURS D\u00b4INTEL.LIG\u00c8NCIA EMOCIONAL I RESOLUCI\u00d3 DE CONFLICTES (LLEIDA FEBRER 2.014) - Optimitzat","isPartOf":{"@id":"https:\/\/optimitzat.com\/ca\/#website"},"primaryImageOfPage":{"@id":"https:\/\/optimitzat.com\/ca\/curs-dintel-ligencia-emocional-resolucio-de-conflictes-lleida-febrer-2-014\/#primaryimage"},"image":{"@id":"https:\/\/optimitzat.com\/ca\/curs-dintel-ligencia-emocional-resolucio-de-conflictes-lleida-febrer-2-014\/#primaryimage"},"thumbnailUrl":"https:\/\/optimitzat.com\/wp-content\/uploads\/2014\/01\/problema-solucion.png","datePublished":"2014-04-04T15:38:01+00:00","dateModified":"2016-03-16T15:33:58+00:00","author":{"@id":"https:\/\/optimitzat.com\/ca\/#\/schema\/person\/c43559449b0dfdcb17aadc52be9f1e8c"},"description":"CURS D\u00b4INTEL.LIG\u00c8NCIA EMOCIONAL I RESOLUCI\u00d3 DE CONFLICTES","breadcrumb":{"@id":"https:\/\/optimitzat.com\/ca\/curs-dintel-ligencia-emocional-resolucio-de-conflictes-lleida-febrer-2-014\/#breadcrumb"},"inLanguage":"ca","potentialAction":[{"@type":"ReadAction","target":["https:\/\/optimitzat.com\/ca\/curs-dintel-ligencia-emocional-resolucio-de-conflictes-lleida-febrer-2-014\/"]}]},{"@type":"ImageObject","inLanguage":"ca","@id":"https:\/\/optimitzat.com\/ca\/curs-dintel-ligencia-emocional-resolucio-de-conflictes-lleida-febrer-2-014\/#primaryimage","url":"https:\/\/optimitzat.com\/wp-content\/uploads\/2014\/01\/problema-solucion.png","contentUrl":"https:\/\/optimitzat.com\/wp-content\/uploads\/2014\/01\/problema-solucion.png","width":276,"height":183,"caption":"TRANSFORMAR PROBLEMAS"},{"@type":"BreadcrumbList","@id":"https:\/\/optimitzat.com\/ca\/curs-dintel-ligencia-emocional-resolucio-de-conflictes-lleida-febrer-2-014\/#breadcrumb","itemListElement":[{"@type":"ListItem","position":1,"name":"Portada","item":"https:\/\/optimitzat.com\/ca\/inici\/"},{"@type":"ListItem","position":2,"name":"CURS D\u00b4INTEL.LIG\u00c8NCIA EMOCIONAL I RESOLUCI\u00d3 DE CONFLICTES (LLEIDA FEBRER 2.014)"}]},{"@type":"WebSite","@id":"https:\/\/optimitzat.com\/ca\/#website","url":"https:\/\/optimitzat.com\/ca\/","name":"Optimitzat","description":"Ventas, Liderazgo Equipos Alto rendimiento y Motivaci\u00f3n","potentialAction":[{"@type":"SearchAction","target":{"@type":"EntryPoint","urlTemplate":"https:\/\/optimitzat.com\/ca\/?s={search_term_string}"},"query-input":{"@type":"PropertyValueSpecification","valueRequired":true,"valueName":"search_term_string"}}],"inLanguage":"ca"},{"@type":"Person","@id":"https:\/\/optimitzat.com\/ca\/#\/schema\/person\/c43559449b0dfdcb17aadc52be9f1e8c","name":"Jordi Urgell","image":{"@type":"ImageObject","inLanguage":"ca","@id":"https:\/\/secure.gravatar.com\/avatar\/235180933e34092574bdde878cc36458c3670d8c7ed561b740d85bab77d3f185?s=96&d=mm&r=g","url":"https:\/\/secure.gravatar.com\/avatar\/235180933e34092574bdde878cc36458c3670d8c7ed561b740d85bab77d3f185?s=96&d=mm&r=g","contentUrl":"https:\/\/secure.gravatar.com\/avatar\/235180933e34092574bdde878cc36458c3670d8c7ed561b740d85bab77d3f185?s=96&d=mm&r=g","caption":"Jordi Urgell"},"description":"Ayudo empresas y personas a potenciar sus resultados con las 2 palancas m\u00e1s importantes: Ventas + Liderazgo (Equipos alto rendimiento motivados) C\u00f3mo:\u00a0 Con un Sistema probado basado en conocimientos + amplia experiencia\u00a0 (gran cantidad de casos de \u00e9xito y testimonios avalan). Soy Mentor&amp;coach profesional certificado por la International Coach Federation (ICF, n\u00ba de socio 20121083). Consultor y formador de alto impacto. Especialista en Ventas, Motivaci\u00f3n\u00a0 y Coaching&amp;Liderazgo Equipos de Alto Rendimiento (EAR)"}]}},"_links":{"self":[{"href":"https:\/\/optimitzat.com\/ca\/wp-json\/wp\/v2\/posts\/951","targetHints":{"allow":["GET"]}}],"collection":[{"href":"https:\/\/optimitzat.com\/ca\/wp-json\/wp\/v2\/posts"}],"about":[{"href":"https:\/\/optimitzat.com\/ca\/wp-json\/wp\/v2\/types\/post"}],"author":[{"embeddable":true,"href":"https:\/\/optimitzat.com\/ca\/wp-json\/wp\/v2\/users\/5"}],"replies":[{"embeddable":true,"href":"https:\/\/optimitzat.com\/ca\/wp-json\/wp\/v2\/comments?post=951"}],"version-history":[{"count":1,"href":"https:\/\/optimitzat.com\/ca\/wp-json\/wp\/v2\/posts\/951\/revisions"}],"predecessor-version":[{"id":3915,"href":"https:\/\/optimitzat.com\/ca\/wp-json\/wp\/v2\/posts\/951\/revisions\/3915"}],"wp:featuredmedia":[{"embeddable":true,"href":"https:\/\/optimitzat.com\/ca\/wp-json\/wp\/v2\/media\/763"}],"wp:attachment":[{"href":"https:\/\/optimitzat.com\/ca\/wp-json\/wp\/v2\/media?parent=951"}],"wp:term":[{"taxonomy":"category","embeddable":true,"href":"https:\/\/optimitzat.com\/ca\/wp-json\/wp\/v2\/categories?post=951"},{"taxonomy":"post_tag","embeddable":true,"href":"https:\/\/optimitzat.com\/ca\/wp-json\/wp\/v2\/tags?post=951"}],"curies":[{"name":"wp","href":"https:\/\/api.w.org\/{rel}","templated":true}]}}