{"id":9009,"date":"2018-05-30T08:59:10","date_gmt":"2018-05-30T08:59:10","guid":{"rendered":"http:\/\/optimitzat.com\/curso-atencion-publico-consell-comarcal-vielha\/"},"modified":"2018-05-30T09:03:14","modified_gmt":"2018-05-30T09:03:14","slug":"curso-atencion-publico-consell-comarcal-vielha","status":"publish","type":"post","link":"https:\/\/optimitzat.com\/ca\/curso-atencion-publico-consell-comarcal-vielha\/","title":{"rendered":"Curso Atenci\u00f3 p\u00fablic  (Consell comarcal Vielha)"},"content":{"rendered":"<p><span style=\"font-family: verdana, geneva, sans-serif;\">Curs d&#8217;Atenci\u00f3 ciutad\u00e0 amb grans professionals al servei de Vielha.<\/span><\/p>\n<p><span style=\"font-family: verdana, geneva, sans-serif;\">Hem apr\u00e8s moltes eines per donar un \u00f2ptim servei.<\/span><\/p>\n<p><span style=\"font-family: verdana, geneva, sans-serif;\">Gr\u00e0cies per les vostres ganes i participaci\u00f3.<\/span><\/p>\n","protected":false},"excerpt":{"rendered":"<p>Curs d&#8217;Atenci\u00f3 ciutad\u00e0 amb grans professionals al servei de Vielha. Hem apr\u00e8s moltes eines per donar un \u00f2ptim servei. Gr\u00e0cies per les vostres ganes i participaci\u00f3.<\/p>\n","protected":false},"author":5,"featured_media":9012,"comment_status":"open","ping_status":"open","sticky":false,"template":"","format":"standard","meta":{"_acf_changed":false,"_et_pb_use_builder":"","_et_pb_old_content":"","_et_gb_content_width":"","footnotes":""},"categories":[182],"tags":[476,475,346,339],"class_list":["post-9009","post","type-post","status-publish","format-standard","has-post-thumbnail","hentry","category-noticies","tag-atencio-public","tag-atencion-publico-ca","tag-comunicacio","tag-comunicacion-ca"],"acf":[],"yoast_head":"<!-- This site is optimized with the Yoast SEO plugin v27.5 - https:\/\/yoast.com\/product\/yoast-seo-wordpress\/ -->\n<title>Curso Atenci\u00f3 p\u00fablic (Consell comarcal Vielha) - Optimitzat<\/title>\n<meta name=\"robots\" content=\"index, follow, max-snippet:-1, max-image-preview:large, max-video-preview:-1\" \/>\n<link rel=\"canonical\" href=\"https:\/\/optimitzat.com\/ca\/curso-atencion-publico-consell-comarcal-vielha\/\" \/>\n<meta property=\"og:locale\" content=\"ca_ES\" \/>\n<meta property=\"og:type\" content=\"article\" \/>\n<meta property=\"og:title\" content=\"Curso Atenci\u00f3 p\u00fablic (Consell comarcal Vielha) - Optimitzat\" \/>\n<meta property=\"og:description\" content=\"Curs d&#8217;Atenci\u00f3 ciutad\u00e0 amb grans professionals al servei de Vielha. Hem apr\u00e8s moltes eines per donar un \u00f2ptim servei. Gr\u00e0cies per les vostres ganes i participaci\u00f3.\" \/>\n<meta property=\"og:url\" content=\"https:\/\/optimitzat.com\/ca\/curso-atencion-publico-consell-comarcal-vielha\/\" \/>\n<meta property=\"og:site_name\" content=\"Optimitzat\" \/>\n<meta property=\"article:published_time\" content=\"2018-05-30T08:59:10+00:00\" \/>\n<meta property=\"article:modified_time\" content=\"2018-05-30T09:03:14+00:00\" \/>\n<meta property=\"og:image\" content=\"https:\/\/optimitzat.com\/wp-content\/uploads\/2018\/05\/at-ciutad-N-cat.jpg\" \/>\n\t<meta property=\"og:image:width\" content=\"640\" \/>\n\t<meta property=\"og:image:height\" content=\"480\" \/>\n\t<meta property=\"og:image:type\" content=\"image\/jpeg\" \/>\n<meta name=\"author\" content=\"Jordi Urgell\" \/>\n<meta name=\"twitter:card\" content=\"summary_large_image\" \/>\n<meta name=\"twitter:label1\" content=\"Escrit per\" \/>\n\t<meta name=\"twitter:data1\" content=\"Jordi Urgell\" \/>\n<script type=\"application\/ld+json\" class=\"yoast-schema-graph\">{\"@context\":\"https:\\\/\\\/schema.org\",\"@graph\":[{\"@type\":\"Article\",\"@id\":\"https:\\\/\\\/optimitzat.com\\\/ca\\\/curso-atencion-publico-consell-comarcal-vielha\\\/#article\",\"isPartOf\":{\"@id\":\"https:\\\/\\\/optimitzat.com\\\/ca\\\/curso-atencion-publico-consell-comarcal-vielha\\\/\"},\"author\":{\"name\":\"Jordi Urgell\",\"@id\":\"https:\\\/\\\/optimitzat.com\\\/ca\\\/#\\\/schema\\\/person\\\/c43559449b0dfdcb17aadc52be9f1e8c\"},\"headline\":\"Curso Atenci\u00f3 p\u00fablic (Consell comarcal Vielha)\",\"datePublished\":\"2018-05-30T08:59:10+00:00\",\"dateModified\":\"2018-05-30T09:03:14+00:00\",\"mainEntityOfPage\":{\"@id\":\"https:\\\/\\\/optimitzat.com\\\/ca\\\/curso-atencion-publico-consell-comarcal-vielha\\\/\"},\"wordCount\":36,\"commentCount\":0,\"image\":{\"@id\":\"https:\\\/\\\/optimitzat.com\\\/ca\\\/curso-atencion-publico-consell-comarcal-vielha\\\/#primaryimage\"},\"thumbnailUrl\":\"https:\\\/\\\/optimitzat.com\\\/wp-content\\\/uploads\\\/2018\\\/05\\\/at-ciutad-N-cat.jpg\",\"keywords\":[\"atenci\u00f3 p\u00fablic\",\"atenci\u00f3n publico\",\"comunicaci\u00f3\",\"comunicaci\u00f3n\"],\"articleSection\":[\"NOT\u00cdCIES\"],\"inLanguage\":\"ca\",\"potentialAction\":[{\"@type\":\"CommentAction\",\"name\":\"Comment\",\"target\":[\"https:\\\/\\\/optimitzat.com\\\/ca\\\/curso-atencion-publico-consell-comarcal-vielha\\\/#respond\"]}]},{\"@type\":\"WebPage\",\"@id\":\"https:\\\/\\\/optimitzat.com\\\/ca\\\/curso-atencion-publico-consell-comarcal-vielha\\\/\",\"url\":\"https:\\\/\\\/optimitzat.com\\\/ca\\\/curso-atencion-publico-consell-comarcal-vielha\\\/\",\"name\":\"Curso Atenci\u00f3 p\u00fablic (Consell comarcal Vielha) - Optimitzat\",\"isPartOf\":{\"@id\":\"https:\\\/\\\/optimitzat.com\\\/ca\\\/#website\"},\"primaryImageOfPage\":{\"@id\":\"https:\\\/\\\/optimitzat.com\\\/ca\\\/curso-atencion-publico-consell-comarcal-vielha\\\/#primaryimage\"},\"image\":{\"@id\":\"https:\\\/\\\/optimitzat.com\\\/ca\\\/curso-atencion-publico-consell-comarcal-vielha\\\/#primaryimage\"},\"thumbnailUrl\":\"https:\\\/\\\/optimitzat.com\\\/wp-content\\\/uploads\\\/2018\\\/05\\\/at-ciutad-N-cat.jpg\",\"datePublished\":\"2018-05-30T08:59:10+00:00\",\"dateModified\":\"2018-05-30T09:03:14+00:00\",\"author\":{\"@id\":\"https:\\\/\\\/optimitzat.com\\\/ca\\\/#\\\/schema\\\/person\\\/c43559449b0dfdcb17aadc52be9f1e8c\"},\"breadcrumb\":{\"@id\":\"https:\\\/\\\/optimitzat.com\\\/ca\\\/curso-atencion-publico-consell-comarcal-vielha\\\/#breadcrumb\"},\"inLanguage\":\"ca\",\"potentialAction\":[{\"@type\":\"ReadAction\",\"target\":[\"https:\\\/\\\/optimitzat.com\\\/ca\\\/curso-atencion-publico-consell-comarcal-vielha\\\/\"]}]},{\"@type\":\"ImageObject\",\"inLanguage\":\"ca\",\"@id\":\"https:\\\/\\\/optimitzat.com\\\/ca\\\/curso-atencion-publico-consell-comarcal-vielha\\\/#primaryimage\",\"url\":\"https:\\\/\\\/optimitzat.com\\\/wp-content\\\/uploads\\\/2018\\\/05\\\/at-ciutad-N-cat.jpg\",\"contentUrl\":\"https:\\\/\\\/optimitzat.com\\\/wp-content\\\/uploads\\\/2018\\\/05\\\/at-ciutad-N-cat.jpg\",\"width\":640,\"height\":480,\"caption\":\"atenci\u00f3 p\u00fablic\"},{\"@type\":\"BreadcrumbList\",\"@id\":\"https:\\\/\\\/optimitzat.com\\\/ca\\\/curso-atencion-publico-consell-comarcal-vielha\\\/#breadcrumb\",\"itemListElement\":[{\"@type\":\"ListItem\",\"position\":1,\"name\":\"Portada\",\"item\":\"https:\\\/\\\/optimitzat.com\\\/ca\\\/inici\\\/\"},{\"@type\":\"ListItem\",\"position\":2,\"name\":\"Curso Atenci\u00f3 p\u00fablic (Consell comarcal Vielha)\"}]},{\"@type\":\"WebSite\",\"@id\":\"https:\\\/\\\/optimitzat.com\\\/ca\\\/#website\",\"url\":\"https:\\\/\\\/optimitzat.com\\\/ca\\\/\",\"name\":\"Optimitzat\",\"description\":\"Ventas, Liderazgo Equipos Alto rendimiento y Motivaci\u00f3n\",\"potentialAction\":[{\"@type\":\"SearchAction\",\"target\":{\"@type\":\"EntryPoint\",\"urlTemplate\":\"https:\\\/\\\/optimitzat.com\\\/ca\\\/?s={search_term_string}\"},\"query-input\":{\"@type\":\"PropertyValueSpecification\",\"valueRequired\":true,\"valueName\":\"search_term_string\"}}],\"inLanguage\":\"ca\"},{\"@type\":\"Person\",\"@id\":\"https:\\\/\\\/optimitzat.com\\\/ca\\\/#\\\/schema\\\/person\\\/c43559449b0dfdcb17aadc52be9f1e8c\",\"name\":\"Jordi Urgell\",\"image\":{\"@type\":\"ImageObject\",\"inLanguage\":\"ca\",\"@id\":\"https:\\\/\\\/secure.gravatar.com\\\/avatar\\\/235180933e34092574bdde878cc36458c3670d8c7ed561b740d85bab77d3f185?s=96&d=mm&r=g\",\"url\":\"https:\\\/\\\/secure.gravatar.com\\\/avatar\\\/235180933e34092574bdde878cc36458c3670d8c7ed561b740d85bab77d3f185?s=96&d=mm&r=g\",\"contentUrl\":\"https:\\\/\\\/secure.gravatar.com\\\/avatar\\\/235180933e34092574bdde878cc36458c3670d8c7ed561b740d85bab77d3f185?s=96&d=mm&r=g\",\"caption\":\"Jordi Urgell\"},\"description\":\"Ayudo empresas y personas a potenciar sus resultados con las 2 palancas m\u00e1s importantes: Ventas + Liderazgo (Equipos alto rendimiento motivados) C\u00f3mo:\u00a0 Con un Sistema probado basado en conocimientos + amplia experiencia\u00a0 (gran cantidad de casos de \u00e9xito y testimonios avalan). Soy Mentor&amp;coach profesional certificado por la International Coach Federation (ICF, n\u00ba de socio 20121083). Consultor y formador de alto impacto. Especialista en Ventas, Motivaci\u00f3n\u00a0 y Coaching&amp;Liderazgo Equipos de Alto Rendimiento (EAR)\"}]}<\/script>\n<!-- \/ Yoast SEO plugin. -->","yoast_head_json":{"title":"Curso Atenci\u00f3 p\u00fablic (Consell comarcal Vielha) - Optimitzat","robots":{"index":"index","follow":"follow","max-snippet":"max-snippet:-1","max-image-preview":"max-image-preview:large","max-video-preview":"max-video-preview:-1"},"canonical":"https:\/\/optimitzat.com\/ca\/curso-atencion-publico-consell-comarcal-vielha\/","og_locale":"ca_ES","og_type":"article","og_title":"Curso Atenci\u00f3 p\u00fablic (Consell comarcal Vielha) - Optimitzat","og_description":"Curs d&#8217;Atenci\u00f3 ciutad\u00e0 amb grans professionals al servei de Vielha. Hem apr\u00e8s moltes eines per donar un \u00f2ptim servei. Gr\u00e0cies per les vostres ganes i participaci\u00f3.","og_url":"https:\/\/optimitzat.com\/ca\/curso-atencion-publico-consell-comarcal-vielha\/","og_site_name":"Optimitzat","article_published_time":"2018-05-30T08:59:10+00:00","article_modified_time":"2018-05-30T09:03:14+00:00","og_image":[{"width":640,"height":480,"url":"https:\/\/optimitzat.com\/wp-content\/uploads\/2018\/05\/at-ciutad-N-cat.jpg","type":"image\/jpeg"}],"author":"Jordi Urgell","twitter_card":"summary_large_image","twitter_misc":{"Escrit per":"Jordi Urgell"},"schema":{"@context":"https:\/\/schema.org","@graph":[{"@type":"Article","@id":"https:\/\/optimitzat.com\/ca\/curso-atencion-publico-consell-comarcal-vielha\/#article","isPartOf":{"@id":"https:\/\/optimitzat.com\/ca\/curso-atencion-publico-consell-comarcal-vielha\/"},"author":{"name":"Jordi Urgell","@id":"https:\/\/optimitzat.com\/ca\/#\/schema\/person\/c43559449b0dfdcb17aadc52be9f1e8c"},"headline":"Curso Atenci\u00f3 p\u00fablic (Consell comarcal Vielha)","datePublished":"2018-05-30T08:59:10+00:00","dateModified":"2018-05-30T09:03:14+00:00","mainEntityOfPage":{"@id":"https:\/\/optimitzat.com\/ca\/curso-atencion-publico-consell-comarcal-vielha\/"},"wordCount":36,"commentCount":0,"image":{"@id":"https:\/\/optimitzat.com\/ca\/curso-atencion-publico-consell-comarcal-vielha\/#primaryimage"},"thumbnailUrl":"https:\/\/optimitzat.com\/wp-content\/uploads\/2018\/05\/at-ciutad-N-cat.jpg","keywords":["atenci\u00f3 p\u00fablic","atenci\u00f3n publico","comunicaci\u00f3","comunicaci\u00f3n"],"articleSection":["NOT\u00cdCIES"],"inLanguage":"ca","potentialAction":[{"@type":"CommentAction","name":"Comment","target":["https:\/\/optimitzat.com\/ca\/curso-atencion-publico-consell-comarcal-vielha\/#respond"]}]},{"@type":"WebPage","@id":"https:\/\/optimitzat.com\/ca\/curso-atencion-publico-consell-comarcal-vielha\/","url":"https:\/\/optimitzat.com\/ca\/curso-atencion-publico-consell-comarcal-vielha\/","name":"Curso Atenci\u00f3 p\u00fablic (Consell comarcal Vielha) - Optimitzat","isPartOf":{"@id":"https:\/\/optimitzat.com\/ca\/#website"},"primaryImageOfPage":{"@id":"https:\/\/optimitzat.com\/ca\/curso-atencion-publico-consell-comarcal-vielha\/#primaryimage"},"image":{"@id":"https:\/\/optimitzat.com\/ca\/curso-atencion-publico-consell-comarcal-vielha\/#primaryimage"},"thumbnailUrl":"https:\/\/optimitzat.com\/wp-content\/uploads\/2018\/05\/at-ciutad-N-cat.jpg","datePublished":"2018-05-30T08:59:10+00:00","dateModified":"2018-05-30T09:03:14+00:00","author":{"@id":"https:\/\/optimitzat.com\/ca\/#\/schema\/person\/c43559449b0dfdcb17aadc52be9f1e8c"},"breadcrumb":{"@id":"https:\/\/optimitzat.com\/ca\/curso-atencion-publico-consell-comarcal-vielha\/#breadcrumb"},"inLanguage":"ca","potentialAction":[{"@type":"ReadAction","target":["https:\/\/optimitzat.com\/ca\/curso-atencion-publico-consell-comarcal-vielha\/"]}]},{"@type":"ImageObject","inLanguage":"ca","@id":"https:\/\/optimitzat.com\/ca\/curso-atencion-publico-consell-comarcal-vielha\/#primaryimage","url":"https:\/\/optimitzat.com\/wp-content\/uploads\/2018\/05\/at-ciutad-N-cat.jpg","contentUrl":"https:\/\/optimitzat.com\/wp-content\/uploads\/2018\/05\/at-ciutad-N-cat.jpg","width":640,"height":480,"caption":"atenci\u00f3 p\u00fablic"},{"@type":"BreadcrumbList","@id":"https:\/\/optimitzat.com\/ca\/curso-atencion-publico-consell-comarcal-vielha\/#breadcrumb","itemListElement":[{"@type":"ListItem","position":1,"name":"Portada","item":"https:\/\/optimitzat.com\/ca\/inici\/"},{"@type":"ListItem","position":2,"name":"Curso Atenci\u00f3 p\u00fablic (Consell comarcal Vielha)"}]},{"@type":"WebSite","@id":"https:\/\/optimitzat.com\/ca\/#website","url":"https:\/\/optimitzat.com\/ca\/","name":"Optimitzat","description":"Ventas, Liderazgo Equipos Alto rendimiento y Motivaci\u00f3n","potentialAction":[{"@type":"SearchAction","target":{"@type":"EntryPoint","urlTemplate":"https:\/\/optimitzat.com\/ca\/?s={search_term_string}"},"query-input":{"@type":"PropertyValueSpecification","valueRequired":true,"valueName":"search_term_string"}}],"inLanguage":"ca"},{"@type":"Person","@id":"https:\/\/optimitzat.com\/ca\/#\/schema\/person\/c43559449b0dfdcb17aadc52be9f1e8c","name":"Jordi Urgell","image":{"@type":"ImageObject","inLanguage":"ca","@id":"https:\/\/secure.gravatar.com\/avatar\/235180933e34092574bdde878cc36458c3670d8c7ed561b740d85bab77d3f185?s=96&d=mm&r=g","url":"https:\/\/secure.gravatar.com\/avatar\/235180933e34092574bdde878cc36458c3670d8c7ed561b740d85bab77d3f185?s=96&d=mm&r=g","contentUrl":"https:\/\/secure.gravatar.com\/avatar\/235180933e34092574bdde878cc36458c3670d8c7ed561b740d85bab77d3f185?s=96&d=mm&r=g","caption":"Jordi Urgell"},"description":"Ayudo empresas y personas a potenciar sus resultados con las 2 palancas m\u00e1s importantes: Ventas + Liderazgo (Equipos alto rendimiento motivados) C\u00f3mo:\u00a0 Con un Sistema probado basado en conocimientos + amplia experiencia\u00a0 (gran cantidad de casos de \u00e9xito y testimonios avalan). Soy Mentor&amp;coach profesional certificado por la International Coach Federation (ICF, n\u00ba de socio 20121083). Consultor y formador de alto impacto. Especialista en Ventas, Motivaci\u00f3n\u00a0 y Coaching&amp;Liderazgo Equipos de Alto Rendimiento (EAR)"}]}},"_links":{"self":[{"href":"https:\/\/optimitzat.com\/ca\/wp-json\/wp\/v2\/posts\/9009","targetHints":{"allow":["GET"]}}],"collection":[{"href":"https:\/\/optimitzat.com\/ca\/wp-json\/wp\/v2\/posts"}],"about":[{"href":"https:\/\/optimitzat.com\/ca\/wp-json\/wp\/v2\/types\/post"}],"author":[{"embeddable":true,"href":"https:\/\/optimitzat.com\/ca\/wp-json\/wp\/v2\/users\/5"}],"replies":[{"embeddable":true,"href":"https:\/\/optimitzat.com\/ca\/wp-json\/wp\/v2\/comments?post=9009"}],"version-history":[{"count":3,"href":"https:\/\/optimitzat.com\/ca\/wp-json\/wp\/v2\/posts\/9009\/revisions"}],"predecessor-version":[{"id":9013,"href":"https:\/\/optimitzat.com\/ca\/wp-json\/wp\/v2\/posts\/9009\/revisions\/9013"}],"wp:featuredmedia":[{"embeddable":true,"href":"https:\/\/optimitzat.com\/ca\/wp-json\/wp\/v2\/media\/9012"}],"wp:attachment":[{"href":"https:\/\/optimitzat.com\/ca\/wp-json\/wp\/v2\/media?parent=9009"}],"wp:term":[{"taxonomy":"category","embeddable":true,"href":"https:\/\/optimitzat.com\/ca\/wp-json\/wp\/v2\/categories?post=9009"},{"taxonomy":"post_tag","embeddable":true,"href":"https:\/\/optimitzat.com\/ca\/wp-json\/wp\/v2\/tags?post=9009"}],"curies":[{"name":"wp","href":"https:\/\/api.w.org\/{rel}","templated":true}]}}