{"id":246,"date":"2013-09-06T07:56:35","date_gmt":"2013-09-06T07:56:35","guid":{"rendered":"http:\/\/optimitzat.199expressdesign.com\/actualidad\/coaching-de-equipos-en-localprom-serrasulla-consultors-julio-2-013-2\/"},"modified":"2016-03-16T15:33:59","modified_gmt":"2016-03-16T15:33:59","slug":"coaching-de-equipos-en-localprom-serrasulla-consultors-julio-2-013-2","status":"publish","type":"post","link":"https:\/\/optimitzat.com\/ca\/coaching-de-equipos-en-localprom-serrasulla-consultors-julio-2-013-2\/","title":{"rendered":"COACHING D\u00b4EQUIPS EN LOCALPROM SERRA&#038;SULL\u00c0 CONSULTORS (Juliol 2.013)"},"content":{"rendered":"<p><span style=\"font-size: large; color: #000000;\">Realitzat coaching d\u00b4equips en Localprom potenciant un fant\u00e0stic equip amb una gran capacitat. Gr\u00e0cies per la vostra participaci\u00f3 durant tot el proc\u00e9s.<\/span><\/p>\n<p>&nbsp;<\/p>\n<p><span style=\"text-decoration: underline;\"><span style=\"font-size: large;\"><b><i>Aquests s\u00f3n alguns comentaris dels participants:<\/i><\/b><\/span><\/span><\/p>\n<p><span style=\"font-size: large;\"><strong>Enric P\u00e9rez Sull\u00e0 (Gerent en Localprom Serra&amp;Sull\u00e0 consultors). Proc\u00e9s de Coaching d\u00b4equips<\/strong><\/span><\/p>\n<p><span style=\"color: #3366ff;\"><em><span style=\"font-size: large;\">\u201cAbans de con\u00e8ixer a Jordi em sentia insegur amb el futur de l\u00b4equip. Un cop acabat el proc\u00e9s de Coaching d\u00b4equips he aconseguit recuperar la confian\u00e7a en l\u00b4equip i he apr\u00e9s m\u00e9s de mi i dels altres.\u00a0\u00a0 Ara em sento absolutament segur de l\u00b4\u00e8xit perqu\u00e8 tenim clars els objectius.\u00a0 El meu equip ha passat de ser un GRUP a ser un aut\u00e8ntic EQUIP amb un gran potencial.<\/span><\/em><\/span><\/p>\n<p><span style=\"color: #3366ff;\"><em><span style=\"font-size: large;\">Jordi \u00e9s un fant\u00e0stic coach que permet i ha aconseguit treure lo millor de cada un del membres de l\u00b4equip, i de mi en particular. Totalment recomanable a les empreses que desitgin millorar qualsevol aspecte\u201d.<\/span><\/em><\/span><\/p>\n<p><span style=\"font-size: large;\">\u00a0<\/span><\/p>\n<p><span style=\"font-size: large;\"><b>\u00a0<\/b><b>Joan Serra Valls<\/b> (Director de Marketing en Localprom Serra&amp;Sull\u00e0 consultors).<\/span><\/p>\n<p><span style=\"font-size: large; color: #3366ff;\"><em>\u201cAbans del proc\u00e9s de Coaching d\u00b4equpos em sent\u00eda desfocalitzat i agoviat. Ara he aconseguit tenir m\u00e9s clar el cam\u00ed i he apr\u00e9s a con\u00e8ixer els meus companys.\u00a0 Em sento m\u00e9s fort perqu\u00e8 coneixo el cam\u00ed i l\u00b4equip ha sortit refor\u00e7at. Jordi \u00e9s un gran coach que permet dibuixar el cam\u00ed\u201d.<\/em><\/span><\/p>\n<p><span style=\"font-size: large;\">\u00a0<\/span><\/p>\n<div><span style=\"font-size: large;\"><strong>Eduard Lleset i Bonveh\u00ed<\/strong> (Director t\u00e8cnic en\u00a0Localprom Serra&amp;Sull\u00e0 consultores)<\/span><\/div>\n<p><span style=\"color: #3366ff;\"><em><span style=\"font-size: large;\">&#8220;Abans de con\u00e8ixer al Jordi em sentia com \u201corfe\u201d dins de l\u00b4empresa. \u00a0Despr\u00e8s del proc\u00e9s de coaching d\u00b4equips he aconseguit sentir-me part de l\u00b4equip i he apr\u00e9s a tindre m\u00e9s paci\u00e8ncia amb les persones. \u00a0Ara em sento que com equip som capa\u00e7os d\u00b4aconseguir qualsevol cosa perqu\u00e8 realment remem tots cap a la mateixa direcci\u00f3. \u00a0El meu equip ha millor molt r\u00e0pidament en cada una de les sessions del proc\u00e9s.<\/span><\/em><\/span><\/p>\n<p><span style=\"font-size: large; color: #3366ff;\">Jordi \u00e9s un professional del coaching del cap als peus que permet millorar molt sustancialment la intercorrelaci\u00f3 entre els membres d\u00b4un equip i per tant millorar els seus resultats&#8221;.<\/span><\/p>\n<p>&nbsp;<\/p>\n<p><strong><em>\u00a0<\/em><\/strong><\/p>\n","protected":false},"excerpt":{"rendered":"<p>Realitzat coaching d\u00b4equips en Localprom potenciant un fant\u00e0stic equip amb una gran capacitat. Gr\u00e0cies per la vostra participaci\u00f3 durant tot el proc\u00e9s. &nbsp; Aquests s\u00f3n alguns comentaris dels participants: Enric [&hellip;]<\/p>\n","protected":false},"author":5,"featured_media":404,"comment_status":"closed","ping_status":"closed","sticky":false,"template":"","format":"standard","meta":{"_acf_changed":false,"_et_pb_use_builder":"","_et_pb_old_content":"","_et_gb_content_width":"","footnotes":""},"categories":[182],"tags":[],"class_list":["post-246","post","type-post","status-publish","format-standard","has-post-thumbnail","hentry","category-noticies"],"acf":[],"yoast_head":"<!-- This site is optimized with the Yoast SEO plugin v27.5 - https:\/\/yoast.com\/product\/yoast-seo-wordpress\/ -->\n<title>coaching para el \u00e9xito<\/title>\n<meta name=\"description\" content=\"coaching para el \u00e9xito personal y profesional\" \/>\n<meta name=\"robots\" content=\"index, follow, max-snippet:-1, max-image-preview:large, max-video-preview:-1\" \/>\n<link rel=\"canonical\" href=\"https:\/\/optimitzat.com\/ca\/coaching-de-equipos-en-localprom-serrasulla-consultors-julio-2-013-2\/\" \/>\n<meta property=\"og:locale\" content=\"ca_ES\" \/>\n<meta property=\"og:type\" content=\"article\" \/>\n<meta property=\"og:title\" content=\"coaching para el \u00e9xito\" \/>\n<meta property=\"og:description\" content=\"coaching para el \u00e9xito personal y profesional\" \/>\n<meta property=\"og:url\" content=\"https:\/\/optimitzat.com\/ca\/coaching-de-equipos-en-localprom-serrasulla-consultors-julio-2-013-2\/\" \/>\n<meta property=\"og:site_name\" content=\"Optimitzat\" \/>\n<meta property=\"article:published_time\" content=\"2013-09-06T07:56:35+00:00\" \/>\n<meta property=\"article:modified_time\" content=\"2016-03-16T15:33:59+00:00\" \/>\n<meta property=\"og:image\" content=\"https:\/\/optimitzat.com\/wp-content\/uploads\/2013\/09\/LOCALPROM-LOGO.gif\" \/>\n\t<meta property=\"og:image:width\" content=\"200\" \/>\n\t<meta property=\"og:image:height\" content=\"50\" \/>\n\t<meta property=\"og:image:type\" content=\"image\/gif\" \/>\n<meta name=\"author\" content=\"Jordi Urgell\" \/>\n<meta name=\"twitter:card\" content=\"summary_large_image\" \/>\n<meta name=\"twitter:label1\" content=\"Escrit per\" \/>\n\t<meta name=\"twitter:data1\" content=\"Jordi Urgell\" \/>\n\t<meta name=\"twitter:label2\" content=\"Temps estimat de lectura\" \/>\n\t<meta name=\"twitter:data2\" content=\"2 minuts\" \/>\n<script type=\"application\/ld+json\" class=\"yoast-schema-graph\">{\"@context\":\"https:\\\/\\\/schema.org\",\"@graph\":[{\"@type\":\"Article\",\"@id\":\"https:\\\/\\\/optimitzat.com\\\/ca\\\/coaching-de-equipos-en-localprom-serrasulla-consultors-julio-2-013-2\\\/#article\",\"isPartOf\":{\"@id\":\"https:\\\/\\\/optimitzat.com\\\/ca\\\/coaching-de-equipos-en-localprom-serrasulla-consultors-julio-2-013-2\\\/\"},\"author\":{\"name\":\"Jordi Urgell\",\"@id\":\"https:\\\/\\\/optimitzat.com\\\/ca\\\/#\\\/schema\\\/person\\\/c43559449b0dfdcb17aadc52be9f1e8c\"},\"headline\":\"COACHING D\u00b4EQUIPS EN LOCALPROM SERRA&#038;SULL\u00c0 CONSULTORS (Juliol 2.013)\",\"datePublished\":\"2013-09-06T07:56:35+00:00\",\"dateModified\":\"2016-03-16T15:33:59+00:00\",\"mainEntityOfPage\":{\"@id\":\"https:\\\/\\\/optimitzat.com\\\/ca\\\/coaching-de-equipos-en-localprom-serrasulla-consultors-julio-2-013-2\\\/\"},\"wordCount\":371,\"image\":{\"@id\":\"https:\\\/\\\/optimitzat.com\\\/ca\\\/coaching-de-equipos-en-localprom-serrasulla-consultors-julio-2-013-2\\\/#primaryimage\"},\"thumbnailUrl\":\"https:\\\/\\\/optimitzat.com\\\/wp-content\\\/uploads\\\/2013\\\/09\\\/LOCALPROM-LOGO.gif\",\"articleSection\":[\"NOT\u00cdCIES\"],\"inLanguage\":\"ca\"},{\"@type\":\"WebPage\",\"@id\":\"https:\\\/\\\/optimitzat.com\\\/ca\\\/coaching-de-equipos-en-localprom-serrasulla-consultors-julio-2-013-2\\\/\",\"url\":\"https:\\\/\\\/optimitzat.com\\\/ca\\\/coaching-de-equipos-en-localprom-serrasulla-consultors-julio-2-013-2\\\/\",\"name\":\"coaching para el \u00e9xito\",\"isPartOf\":{\"@id\":\"https:\\\/\\\/optimitzat.com\\\/ca\\\/#website\"},\"primaryImageOfPage\":{\"@id\":\"https:\\\/\\\/optimitzat.com\\\/ca\\\/coaching-de-equipos-en-localprom-serrasulla-consultors-julio-2-013-2\\\/#primaryimage\"},\"image\":{\"@id\":\"https:\\\/\\\/optimitzat.com\\\/ca\\\/coaching-de-equipos-en-localprom-serrasulla-consultors-julio-2-013-2\\\/#primaryimage\"},\"thumbnailUrl\":\"https:\\\/\\\/optimitzat.com\\\/wp-content\\\/uploads\\\/2013\\\/09\\\/LOCALPROM-LOGO.gif\",\"datePublished\":\"2013-09-06T07:56:35+00:00\",\"dateModified\":\"2016-03-16T15:33:59+00:00\",\"author\":{\"@id\":\"https:\\\/\\\/optimitzat.com\\\/ca\\\/#\\\/schema\\\/person\\\/c43559449b0dfdcb17aadc52be9f1e8c\"},\"description\":\"coaching para el \u00e9xito personal y profesional\",\"breadcrumb\":{\"@id\":\"https:\\\/\\\/optimitzat.com\\\/ca\\\/coaching-de-equipos-en-localprom-serrasulla-consultors-julio-2-013-2\\\/#breadcrumb\"},\"inLanguage\":\"ca\",\"potentialAction\":[{\"@type\":\"ReadAction\",\"target\":[\"https:\\\/\\\/optimitzat.com\\\/ca\\\/coaching-de-equipos-en-localprom-serrasulla-consultors-julio-2-013-2\\\/\"]}]},{\"@type\":\"ImageObject\",\"inLanguage\":\"ca\",\"@id\":\"https:\\\/\\\/optimitzat.com\\\/ca\\\/coaching-de-equipos-en-localprom-serrasulla-consultors-julio-2-013-2\\\/#primaryimage\",\"url\":\"https:\\\/\\\/optimitzat.com\\\/wp-content\\\/uploads\\\/2013\\\/09\\\/LOCALPROM-LOGO.gif\",\"contentUrl\":\"https:\\\/\\\/optimitzat.com\\\/wp-content\\\/uploads\\\/2013\\\/09\\\/LOCALPROM-LOGO.gif\",\"width\":200,\"height\":50,\"caption\":\"coaching para el \u00e9xito\"},{\"@type\":\"BreadcrumbList\",\"@id\":\"https:\\\/\\\/optimitzat.com\\\/ca\\\/coaching-de-equipos-en-localprom-serrasulla-consultors-julio-2-013-2\\\/#breadcrumb\",\"itemListElement\":[{\"@type\":\"ListItem\",\"position\":1,\"name\":\"Portada\",\"item\":\"https:\\\/\\\/optimitzat.com\\\/ca\\\/inici\\\/\"},{\"@type\":\"ListItem\",\"position\":2,\"name\":\"COACHING D\u00b4EQUIPS EN LOCALPROM SERRA&#038;SULL\u00c0 CONSULTORS (Juliol 2.013)\"}]},{\"@type\":\"WebSite\",\"@id\":\"https:\\\/\\\/optimitzat.com\\\/ca\\\/#website\",\"url\":\"https:\\\/\\\/optimitzat.com\\\/ca\\\/\",\"name\":\"Optimitzat\",\"description\":\"Ventas, Liderazgo Equipos Alto rendimiento y Motivaci\u00f3n\",\"potentialAction\":[{\"@type\":\"SearchAction\",\"target\":{\"@type\":\"EntryPoint\",\"urlTemplate\":\"https:\\\/\\\/optimitzat.com\\\/ca\\\/?s={search_term_string}\"},\"query-input\":{\"@type\":\"PropertyValueSpecification\",\"valueRequired\":true,\"valueName\":\"search_term_string\"}}],\"inLanguage\":\"ca\"},{\"@type\":\"Person\",\"@id\":\"https:\\\/\\\/optimitzat.com\\\/ca\\\/#\\\/schema\\\/person\\\/c43559449b0dfdcb17aadc52be9f1e8c\",\"name\":\"Jordi Urgell\",\"image\":{\"@type\":\"ImageObject\",\"inLanguage\":\"ca\",\"@id\":\"https:\\\/\\\/secure.gravatar.com\\\/avatar\\\/235180933e34092574bdde878cc36458c3670d8c7ed561b740d85bab77d3f185?s=96&d=mm&r=g\",\"url\":\"https:\\\/\\\/secure.gravatar.com\\\/avatar\\\/235180933e34092574bdde878cc36458c3670d8c7ed561b740d85bab77d3f185?s=96&d=mm&r=g\",\"contentUrl\":\"https:\\\/\\\/secure.gravatar.com\\\/avatar\\\/235180933e34092574bdde878cc36458c3670d8c7ed561b740d85bab77d3f185?s=96&d=mm&r=g\",\"caption\":\"Jordi Urgell\"},\"description\":\"Ayudo empresas y personas a potenciar sus resultados con las 2 palancas m\u00e1s importantes: Ventas + Liderazgo (Equipos alto rendimiento motivados) C\u00f3mo:\u00a0 Con un Sistema probado basado en conocimientos + amplia experiencia\u00a0 (gran cantidad de casos de \u00e9xito y testimonios avalan). Soy Mentor&amp;coach profesional certificado por la International Coach Federation (ICF, n\u00ba de socio 20121083). Consultor y formador de alto impacto. Especialista en Ventas, Motivaci\u00f3n\u00a0 y Coaching&amp;Liderazgo Equipos de Alto Rendimiento (EAR)\"}]}<\/script>\n<!-- \/ Yoast SEO plugin. -->","yoast_head_json":{"title":"coaching para el \u00e9xito","description":"coaching para el \u00e9xito personal y profesional","robots":{"index":"index","follow":"follow","max-snippet":"max-snippet:-1","max-image-preview":"max-image-preview:large","max-video-preview":"max-video-preview:-1"},"canonical":"https:\/\/optimitzat.com\/ca\/coaching-de-equipos-en-localprom-serrasulla-consultors-julio-2-013-2\/","og_locale":"ca_ES","og_type":"article","og_title":"coaching para el \u00e9xito","og_description":"coaching para el \u00e9xito personal y profesional","og_url":"https:\/\/optimitzat.com\/ca\/coaching-de-equipos-en-localprom-serrasulla-consultors-julio-2-013-2\/","og_site_name":"Optimitzat","article_published_time":"2013-09-06T07:56:35+00:00","article_modified_time":"2016-03-16T15:33:59+00:00","og_image":[{"width":200,"height":50,"url":"https:\/\/optimitzat.com\/wp-content\/uploads\/2013\/09\/LOCALPROM-LOGO.gif","type":"image\/gif"}],"author":"Jordi Urgell","twitter_card":"summary_large_image","twitter_misc":{"Escrit per":"Jordi Urgell","Temps estimat de lectura":"2 minuts"},"schema":{"@context":"https:\/\/schema.org","@graph":[{"@type":"Article","@id":"https:\/\/optimitzat.com\/ca\/coaching-de-equipos-en-localprom-serrasulla-consultors-julio-2-013-2\/#article","isPartOf":{"@id":"https:\/\/optimitzat.com\/ca\/coaching-de-equipos-en-localprom-serrasulla-consultors-julio-2-013-2\/"},"author":{"name":"Jordi Urgell","@id":"https:\/\/optimitzat.com\/ca\/#\/schema\/person\/c43559449b0dfdcb17aadc52be9f1e8c"},"headline":"COACHING D\u00b4EQUIPS EN LOCALPROM SERRA&#038;SULL\u00c0 CONSULTORS (Juliol 2.013)","datePublished":"2013-09-06T07:56:35+00:00","dateModified":"2016-03-16T15:33:59+00:00","mainEntityOfPage":{"@id":"https:\/\/optimitzat.com\/ca\/coaching-de-equipos-en-localprom-serrasulla-consultors-julio-2-013-2\/"},"wordCount":371,"image":{"@id":"https:\/\/optimitzat.com\/ca\/coaching-de-equipos-en-localprom-serrasulla-consultors-julio-2-013-2\/#primaryimage"},"thumbnailUrl":"https:\/\/optimitzat.com\/wp-content\/uploads\/2013\/09\/LOCALPROM-LOGO.gif","articleSection":["NOT\u00cdCIES"],"inLanguage":"ca"},{"@type":"WebPage","@id":"https:\/\/optimitzat.com\/ca\/coaching-de-equipos-en-localprom-serrasulla-consultors-julio-2-013-2\/","url":"https:\/\/optimitzat.com\/ca\/coaching-de-equipos-en-localprom-serrasulla-consultors-julio-2-013-2\/","name":"coaching para el \u00e9xito","isPartOf":{"@id":"https:\/\/optimitzat.com\/ca\/#website"},"primaryImageOfPage":{"@id":"https:\/\/optimitzat.com\/ca\/coaching-de-equipos-en-localprom-serrasulla-consultors-julio-2-013-2\/#primaryimage"},"image":{"@id":"https:\/\/optimitzat.com\/ca\/coaching-de-equipos-en-localprom-serrasulla-consultors-julio-2-013-2\/#primaryimage"},"thumbnailUrl":"https:\/\/optimitzat.com\/wp-content\/uploads\/2013\/09\/LOCALPROM-LOGO.gif","datePublished":"2013-09-06T07:56:35+00:00","dateModified":"2016-03-16T15:33:59+00:00","author":{"@id":"https:\/\/optimitzat.com\/ca\/#\/schema\/person\/c43559449b0dfdcb17aadc52be9f1e8c"},"description":"coaching para el \u00e9xito personal y profesional","breadcrumb":{"@id":"https:\/\/optimitzat.com\/ca\/coaching-de-equipos-en-localprom-serrasulla-consultors-julio-2-013-2\/#breadcrumb"},"inLanguage":"ca","potentialAction":[{"@type":"ReadAction","target":["https:\/\/optimitzat.com\/ca\/coaching-de-equipos-en-localprom-serrasulla-consultors-julio-2-013-2\/"]}]},{"@type":"ImageObject","inLanguage":"ca","@id":"https:\/\/optimitzat.com\/ca\/coaching-de-equipos-en-localprom-serrasulla-consultors-julio-2-013-2\/#primaryimage","url":"https:\/\/optimitzat.com\/wp-content\/uploads\/2013\/09\/LOCALPROM-LOGO.gif","contentUrl":"https:\/\/optimitzat.com\/wp-content\/uploads\/2013\/09\/LOCALPROM-LOGO.gif","width":200,"height":50,"caption":"coaching para el \u00e9xito"},{"@type":"BreadcrumbList","@id":"https:\/\/optimitzat.com\/ca\/coaching-de-equipos-en-localprom-serrasulla-consultors-julio-2-013-2\/#breadcrumb","itemListElement":[{"@type":"ListItem","position":1,"name":"Portada","item":"https:\/\/optimitzat.com\/ca\/inici\/"},{"@type":"ListItem","position":2,"name":"COACHING D\u00b4EQUIPS EN LOCALPROM SERRA&#038;SULL\u00c0 CONSULTORS (Juliol 2.013)"}]},{"@type":"WebSite","@id":"https:\/\/optimitzat.com\/ca\/#website","url":"https:\/\/optimitzat.com\/ca\/","name":"Optimitzat","description":"Ventas, Liderazgo Equipos Alto rendimiento y Motivaci\u00f3n","potentialAction":[{"@type":"SearchAction","target":{"@type":"EntryPoint","urlTemplate":"https:\/\/optimitzat.com\/ca\/?s={search_term_string}"},"query-input":{"@type":"PropertyValueSpecification","valueRequired":true,"valueName":"search_term_string"}}],"inLanguage":"ca"},{"@type":"Person","@id":"https:\/\/optimitzat.com\/ca\/#\/schema\/person\/c43559449b0dfdcb17aadc52be9f1e8c","name":"Jordi Urgell","image":{"@type":"ImageObject","inLanguage":"ca","@id":"https:\/\/secure.gravatar.com\/avatar\/235180933e34092574bdde878cc36458c3670d8c7ed561b740d85bab77d3f185?s=96&d=mm&r=g","url":"https:\/\/secure.gravatar.com\/avatar\/235180933e34092574bdde878cc36458c3670d8c7ed561b740d85bab77d3f185?s=96&d=mm&r=g","contentUrl":"https:\/\/secure.gravatar.com\/avatar\/235180933e34092574bdde878cc36458c3670d8c7ed561b740d85bab77d3f185?s=96&d=mm&r=g","caption":"Jordi Urgell"},"description":"Ayudo empresas y personas a potenciar sus resultados con las 2 palancas m\u00e1s importantes: Ventas + Liderazgo (Equipos alto rendimiento motivados) C\u00f3mo:\u00a0 Con un Sistema probado basado en conocimientos + amplia experiencia\u00a0 (gran cantidad de casos de \u00e9xito y testimonios avalan). Soy Mentor&amp;coach profesional certificado por la International Coach Federation (ICF, n\u00ba de socio 20121083). Consultor y formador de alto impacto. Especialista en Ventas, Motivaci\u00f3n\u00a0 y Coaching&amp;Liderazgo Equipos de Alto Rendimiento (EAR)"}]}},"_links":{"self":[{"href":"https:\/\/optimitzat.com\/ca\/wp-json\/wp\/v2\/posts\/246","targetHints":{"allow":["GET"]}}],"collection":[{"href":"https:\/\/optimitzat.com\/ca\/wp-json\/wp\/v2\/posts"}],"about":[{"href":"https:\/\/optimitzat.com\/ca\/wp-json\/wp\/v2\/types\/post"}],"author":[{"embeddable":true,"href":"https:\/\/optimitzat.com\/ca\/wp-json\/wp\/v2\/users\/5"}],"replies":[{"embeddable":true,"href":"https:\/\/optimitzat.com\/ca\/wp-json\/wp\/v2\/comments?post=246"}],"version-history":[{"count":1,"href":"https:\/\/optimitzat.com\/ca\/wp-json\/wp\/v2\/posts\/246\/revisions"}],"predecessor-version":[{"id":3933,"href":"https:\/\/optimitzat.com\/ca\/wp-json\/wp\/v2\/posts\/246\/revisions\/3933"}],"wp:featuredmedia":[{"embeddable":true,"href":"https:\/\/optimitzat.com\/ca\/wp-json\/wp\/v2\/media\/404"}],"wp:attachment":[{"href":"https:\/\/optimitzat.com\/ca\/wp-json\/wp\/v2\/media?parent=246"}],"wp:term":[{"taxonomy":"category","embeddable":true,"href":"https:\/\/optimitzat.com\/ca\/wp-json\/wp\/v2\/categories?post=246"},{"taxonomy":"post_tag","embeddable":true,"href":"https:\/\/optimitzat.com\/ca\/wp-json\/wp\/v2\/tags?post=246"}],"curies":[{"name":"wp","href":"https:\/\/api.w.org\/{rel}","templated":true}]}}