{"id":16656,"date":"2021-11-15T12:36:13","date_gmt":"2021-11-15T11:36:13","guid":{"rendered":"https:\/\/optimitzat.com\/curso-linkedin-aran\/"},"modified":"2021-11-17T09:34:54","modified_gmt":"2021-11-17T08:34:54","slug":"curso-linkedin-aran","status":"publish","type":"post","link":"https:\/\/optimitzat.com\/ca\/curso-linkedin-aran\/","title":{"rendered":"CURS LINKEDIN ARAN"},"content":{"rendered":"<p><span style=\"font-family: verdana, geneva, sans-serif; font-size: 12pt;\">Curs de Linkedin per a Consell Aran.<\/span><\/p>\n<p><span style=\"font-family: verdana, geneva, sans-serif; font-size: 12pt;\">Curs 100% pr\u00e0ctic per aprofitar les funcionalitats de la plataforma\u00a0Linkedin. Moltes gr\u00e0cies als assistents per la vostra participaci\u00f3 i ganes.<\/span><\/p>\n<p><span style=\"font-family: verdana, geneva, sans-serif; font-size: 12pt;\">Linkedin \u00e9s la plataforma B2B per excel\u00b7l\u00e8ncia, ideal per potenciar la teva marca personal, incrementar les vendes i\/o millorar la teva carrera professional.<\/span><\/p>\n<p>&nbsp;<\/p>\n<p><span style=\"font-family: verdana, geneva, sans-serif; font-size: 12pt;\">Alguns testimonis:<\/span><\/p>\n<p><span style=\"font-family: verdana, geneva, sans-serif; font-size: 12pt;\">&#8220;He tingut l&#8217;oportunitat de participar d&#8217;un webinar curs de Linkedin amb Jordi i m&#8217;ha agradat molt la seva din\u00e0mica de treball. De vegades pot ser dif\u00edcil mantenir l&#8217;atenci\u00f3 dels participants durant una sessi\u00f3 on line. Per\u00f2 el Jordi ha estat atent perqu\u00e8 la informaci\u00f3 ens arribar\u00e0 a tots els participants de manera molt \u00e0gil i pr\u00e0ctica.<\/span><\/p>\n<p><span style=\"font-family: verdana, geneva, sans-serif; font-size: 12pt;\">La conclusi\u00f3: el webinar ha complert el seu objectiu i m&#8217;ha estat molt \u00fatil. Gr\u00e0cies Jordi per la teva aportaci\u00f3! Tornarem a trobar-nos\u201d.<\/span><\/p>\n<p><span style=\"font-family: verdana, geneva, sans-serif; font-size: 12pt;\">Giselle K\u00fcters<\/span><\/p>\n","protected":false},"excerpt":{"rendered":"<p>Curs de Linkedin per a Consell Aran. Curs 100% pr\u00e0ctic per aprofitar les funcionalitats de la plataforma\u00a0Linkedin. Moltes gr\u00e0cies als assistents per la vostra participaci\u00f3 i ganes. Linkedin \u00e9s la [&hellip;]<\/p>\n","protected":false},"author":5,"featured_media":16653,"comment_status":"open","ping_status":"open","sticky":false,"template":"","format":"standard","meta":{"_acf_changed":false,"_et_pb_use_builder":"","_et_pb_old_content":"","_et_gb_content_width":"","footnotes":""},"categories":[182],"tags":[696,697,698],"class_list":["post-16656","post","type-post","status-publish","format-standard","has-post-thumbnail","hentry","category-noticies","tag-curso-practico-de-linkedin-ca","tag-linkedin-ca","tag-linkedin-para-mejorar-ca"],"acf":[],"yoast_head":"<!-- This site is optimized with the Yoast SEO plugin v27.5 - https:\/\/yoast.com\/product\/yoast-seo-wordpress\/ -->\n<title>CURS LINKEDIN ARAN - Optimitzat<\/title>\n<meta name=\"robots\" content=\"index, follow, max-snippet:-1, max-image-preview:large, max-video-preview:-1\" \/>\n<link rel=\"canonical\" href=\"https:\/\/optimitzat.com\/ca\/curso-linkedin-aran\/\" \/>\n<meta property=\"og:locale\" content=\"ca_ES\" \/>\n<meta property=\"og:type\" content=\"article\" \/>\n<meta property=\"og:title\" content=\"CURS LINKEDIN ARAN - Optimitzat\" \/>\n<meta property=\"og:description\" content=\"Curs de Linkedin per a Consell Aran. Curs 100% pr\u00e0ctic per aprofitar les funcionalitats de la plataforma\u00a0Linkedin. Moltes gr\u00e0cies als assistents per la vostra participaci\u00f3 i ganes. Linkedin \u00e9s la [&hellip;]\" \/>\n<meta property=\"og:url\" content=\"https:\/\/optimitzat.com\/ca\/curso-linkedin-aran\/\" \/>\n<meta property=\"og:site_name\" content=\"Optimitzat\" \/>\n<meta property=\"article:published_time\" content=\"2021-11-15T11:36:13+00:00\" \/>\n<meta property=\"article:modified_time\" content=\"2021-11-17T08:34:54+00:00\" \/>\n<meta property=\"og:image\" content=\"https:\/\/optimitzat.com\/wp-content\/uploads\/2021\/11\/TALLER-LINK-ARAN-WEB-NOT.png\" \/>\n\t<meta property=\"og:image:width\" content=\"400\" \/>\n\t<meta property=\"og:image:height\" content=\"250\" \/>\n\t<meta property=\"og:image:type\" content=\"image\/png\" \/>\n<meta name=\"author\" content=\"Jordi Urgell\" \/>\n<meta name=\"twitter:card\" content=\"summary_large_image\" \/>\n<meta name=\"twitter:label1\" content=\"Escrit per\" \/>\n\t<meta name=\"twitter:data1\" content=\"Jordi Urgell\" \/>\n\t<meta name=\"twitter:label2\" content=\"Temps estimat de lectura\" \/>\n\t<meta name=\"twitter:data2\" content=\"1 minut\" \/>\n<script type=\"application\/ld+json\" class=\"yoast-schema-graph\">{\"@context\":\"https:\\\/\\\/schema.org\",\"@graph\":[{\"@type\":\"Article\",\"@id\":\"https:\\\/\\\/optimitzat.com\\\/ca\\\/curso-linkedin-aran\\\/#article\",\"isPartOf\":{\"@id\":\"https:\\\/\\\/optimitzat.com\\\/ca\\\/curso-linkedin-aran\\\/\"},\"author\":{\"name\":\"Jordi Urgell\",\"@id\":\"https:\\\/\\\/optimitzat.com\\\/ca\\\/#\\\/schema\\\/person\\\/c43559449b0dfdcb17aadc52be9f1e8c\"},\"headline\":\"CURS LINKEDIN ARAN\",\"datePublished\":\"2021-11-15T11:36:13+00:00\",\"dateModified\":\"2021-11-17T08:34:54+00:00\",\"mainEntityOfPage\":{\"@id\":\"https:\\\/\\\/optimitzat.com\\\/ca\\\/curso-linkedin-aran\\\/\"},\"wordCount\":153,\"commentCount\":0,\"image\":{\"@id\":\"https:\\\/\\\/optimitzat.com\\\/ca\\\/curso-linkedin-aran\\\/#primaryimage\"},\"thumbnailUrl\":\"https:\\\/\\\/optimitzat.com\\\/wp-content\\\/uploads\\\/2021\\\/11\\\/TALLER-LINK-ARAN-WEB-NOT.png\",\"keywords\":[\"Curso pr\u00e1ctico de Linkedin\",\"Linkedin\",\"Linkedin para mejorar\"],\"articleSection\":[\"NOT\u00cdCIES\"],\"inLanguage\":\"ca\",\"potentialAction\":[{\"@type\":\"CommentAction\",\"name\":\"Comment\",\"target\":[\"https:\\\/\\\/optimitzat.com\\\/ca\\\/curso-linkedin-aran\\\/#respond\"]}]},{\"@type\":\"WebPage\",\"@id\":\"https:\\\/\\\/optimitzat.com\\\/ca\\\/curso-linkedin-aran\\\/\",\"url\":\"https:\\\/\\\/optimitzat.com\\\/ca\\\/curso-linkedin-aran\\\/\",\"name\":\"CURS LINKEDIN ARAN - Optimitzat\",\"isPartOf\":{\"@id\":\"https:\\\/\\\/optimitzat.com\\\/ca\\\/#website\"},\"primaryImageOfPage\":{\"@id\":\"https:\\\/\\\/optimitzat.com\\\/ca\\\/curso-linkedin-aran\\\/#primaryimage\"},\"image\":{\"@id\":\"https:\\\/\\\/optimitzat.com\\\/ca\\\/curso-linkedin-aran\\\/#primaryimage\"},\"thumbnailUrl\":\"https:\\\/\\\/optimitzat.com\\\/wp-content\\\/uploads\\\/2021\\\/11\\\/TALLER-LINK-ARAN-WEB-NOT.png\",\"datePublished\":\"2021-11-15T11:36:13+00:00\",\"dateModified\":\"2021-11-17T08:34:54+00:00\",\"author\":{\"@id\":\"https:\\\/\\\/optimitzat.com\\\/ca\\\/#\\\/schema\\\/person\\\/c43559449b0dfdcb17aadc52be9f1e8c\"},\"breadcrumb\":{\"@id\":\"https:\\\/\\\/optimitzat.com\\\/ca\\\/curso-linkedin-aran\\\/#breadcrumb\"},\"inLanguage\":\"ca\",\"potentialAction\":[{\"@type\":\"ReadAction\",\"target\":[\"https:\\\/\\\/optimitzat.com\\\/ca\\\/curso-linkedin-aran\\\/\"]}]},{\"@type\":\"ImageObject\",\"inLanguage\":\"ca\",\"@id\":\"https:\\\/\\\/optimitzat.com\\\/ca\\\/curso-linkedin-aran\\\/#primaryimage\",\"url\":\"https:\\\/\\\/optimitzat.com\\\/wp-content\\\/uploads\\\/2021\\\/11\\\/TALLER-LINK-ARAN-WEB-NOT.png\",\"contentUrl\":\"https:\\\/\\\/optimitzat.com\\\/wp-content\\\/uploads\\\/2021\\\/11\\\/TALLER-LINK-ARAN-WEB-NOT.png\",\"width\":400,\"height\":250},{\"@type\":\"BreadcrumbList\",\"@id\":\"https:\\\/\\\/optimitzat.com\\\/ca\\\/curso-linkedin-aran\\\/#breadcrumb\",\"itemListElement\":[{\"@type\":\"ListItem\",\"position\":1,\"name\":\"Portada\",\"item\":\"https:\\\/\\\/optimitzat.com\\\/ca\\\/inici\\\/\"},{\"@type\":\"ListItem\",\"position\":2,\"name\":\"CURS LINKEDIN ARAN\"}]},{\"@type\":\"WebSite\",\"@id\":\"https:\\\/\\\/optimitzat.com\\\/ca\\\/#website\",\"url\":\"https:\\\/\\\/optimitzat.com\\\/ca\\\/\",\"name\":\"Optimitzat\",\"description\":\"Ventas, Liderazgo Equipos Alto rendimiento y Motivaci\u00f3n\",\"potentialAction\":[{\"@type\":\"SearchAction\",\"target\":{\"@type\":\"EntryPoint\",\"urlTemplate\":\"https:\\\/\\\/optimitzat.com\\\/ca\\\/?s={search_term_string}\"},\"query-input\":{\"@type\":\"PropertyValueSpecification\",\"valueRequired\":true,\"valueName\":\"search_term_string\"}}],\"inLanguage\":\"ca\"},{\"@type\":\"Person\",\"@id\":\"https:\\\/\\\/optimitzat.com\\\/ca\\\/#\\\/schema\\\/person\\\/c43559449b0dfdcb17aadc52be9f1e8c\",\"name\":\"Jordi Urgell\",\"image\":{\"@type\":\"ImageObject\",\"inLanguage\":\"ca\",\"@id\":\"https:\\\/\\\/secure.gravatar.com\\\/avatar\\\/235180933e34092574bdde878cc36458c3670d8c7ed561b740d85bab77d3f185?s=96&d=mm&r=g\",\"url\":\"https:\\\/\\\/secure.gravatar.com\\\/avatar\\\/235180933e34092574bdde878cc36458c3670d8c7ed561b740d85bab77d3f185?s=96&d=mm&r=g\",\"contentUrl\":\"https:\\\/\\\/secure.gravatar.com\\\/avatar\\\/235180933e34092574bdde878cc36458c3670d8c7ed561b740d85bab77d3f185?s=96&d=mm&r=g\",\"caption\":\"Jordi Urgell\"},\"description\":\"Ayudo empresas y personas a potenciar sus resultados con las 2 palancas m\u00e1s importantes: Ventas + Liderazgo (Equipos alto rendimiento motivados) C\u00f3mo:\u00a0 Con un Sistema probado basado en conocimientos + amplia experiencia\u00a0 (gran cantidad de casos de \u00e9xito y testimonios avalan). Soy Mentor&amp;coach profesional certificado por la International Coach Federation (ICF, n\u00ba de socio 20121083). Consultor y formador de alto impacto. Especialista en Ventas, Motivaci\u00f3n\u00a0 y Coaching&amp;Liderazgo Equipos de Alto Rendimiento (EAR)\"}]}<\/script>\n<!-- \/ Yoast SEO plugin. -->","yoast_head_json":{"title":"CURS LINKEDIN ARAN - Optimitzat","robots":{"index":"index","follow":"follow","max-snippet":"max-snippet:-1","max-image-preview":"max-image-preview:large","max-video-preview":"max-video-preview:-1"},"canonical":"https:\/\/optimitzat.com\/ca\/curso-linkedin-aran\/","og_locale":"ca_ES","og_type":"article","og_title":"CURS LINKEDIN ARAN - Optimitzat","og_description":"Curs de Linkedin per a Consell Aran. Curs 100% pr\u00e0ctic per aprofitar les funcionalitats de la plataforma\u00a0Linkedin. Moltes gr\u00e0cies als assistents per la vostra participaci\u00f3 i ganes. Linkedin \u00e9s la [&hellip;]","og_url":"https:\/\/optimitzat.com\/ca\/curso-linkedin-aran\/","og_site_name":"Optimitzat","article_published_time":"2021-11-15T11:36:13+00:00","article_modified_time":"2021-11-17T08:34:54+00:00","og_image":[{"width":400,"height":250,"url":"https:\/\/optimitzat.com\/wp-content\/uploads\/2021\/11\/TALLER-LINK-ARAN-WEB-NOT.png","type":"image\/png"}],"author":"Jordi Urgell","twitter_card":"summary_large_image","twitter_misc":{"Escrit per":"Jordi Urgell","Temps estimat de lectura":"1 minut"},"schema":{"@context":"https:\/\/schema.org","@graph":[{"@type":"Article","@id":"https:\/\/optimitzat.com\/ca\/curso-linkedin-aran\/#article","isPartOf":{"@id":"https:\/\/optimitzat.com\/ca\/curso-linkedin-aran\/"},"author":{"name":"Jordi Urgell","@id":"https:\/\/optimitzat.com\/ca\/#\/schema\/person\/c43559449b0dfdcb17aadc52be9f1e8c"},"headline":"CURS LINKEDIN ARAN","datePublished":"2021-11-15T11:36:13+00:00","dateModified":"2021-11-17T08:34:54+00:00","mainEntityOfPage":{"@id":"https:\/\/optimitzat.com\/ca\/curso-linkedin-aran\/"},"wordCount":153,"commentCount":0,"image":{"@id":"https:\/\/optimitzat.com\/ca\/curso-linkedin-aran\/#primaryimage"},"thumbnailUrl":"https:\/\/optimitzat.com\/wp-content\/uploads\/2021\/11\/TALLER-LINK-ARAN-WEB-NOT.png","keywords":["Curso pr\u00e1ctico de Linkedin","Linkedin","Linkedin para mejorar"],"articleSection":["NOT\u00cdCIES"],"inLanguage":"ca","potentialAction":[{"@type":"CommentAction","name":"Comment","target":["https:\/\/optimitzat.com\/ca\/curso-linkedin-aran\/#respond"]}]},{"@type":"WebPage","@id":"https:\/\/optimitzat.com\/ca\/curso-linkedin-aran\/","url":"https:\/\/optimitzat.com\/ca\/curso-linkedin-aran\/","name":"CURS LINKEDIN ARAN - Optimitzat","isPartOf":{"@id":"https:\/\/optimitzat.com\/ca\/#website"},"primaryImageOfPage":{"@id":"https:\/\/optimitzat.com\/ca\/curso-linkedin-aran\/#primaryimage"},"image":{"@id":"https:\/\/optimitzat.com\/ca\/curso-linkedin-aran\/#primaryimage"},"thumbnailUrl":"https:\/\/optimitzat.com\/wp-content\/uploads\/2021\/11\/TALLER-LINK-ARAN-WEB-NOT.png","datePublished":"2021-11-15T11:36:13+00:00","dateModified":"2021-11-17T08:34:54+00:00","author":{"@id":"https:\/\/optimitzat.com\/ca\/#\/schema\/person\/c43559449b0dfdcb17aadc52be9f1e8c"},"breadcrumb":{"@id":"https:\/\/optimitzat.com\/ca\/curso-linkedin-aran\/#breadcrumb"},"inLanguage":"ca","potentialAction":[{"@type":"ReadAction","target":["https:\/\/optimitzat.com\/ca\/curso-linkedin-aran\/"]}]},{"@type":"ImageObject","inLanguage":"ca","@id":"https:\/\/optimitzat.com\/ca\/curso-linkedin-aran\/#primaryimage","url":"https:\/\/optimitzat.com\/wp-content\/uploads\/2021\/11\/TALLER-LINK-ARAN-WEB-NOT.png","contentUrl":"https:\/\/optimitzat.com\/wp-content\/uploads\/2021\/11\/TALLER-LINK-ARAN-WEB-NOT.png","width":400,"height":250},{"@type":"BreadcrumbList","@id":"https:\/\/optimitzat.com\/ca\/curso-linkedin-aran\/#breadcrumb","itemListElement":[{"@type":"ListItem","position":1,"name":"Portada","item":"https:\/\/optimitzat.com\/ca\/inici\/"},{"@type":"ListItem","position":2,"name":"CURS LINKEDIN ARAN"}]},{"@type":"WebSite","@id":"https:\/\/optimitzat.com\/ca\/#website","url":"https:\/\/optimitzat.com\/ca\/","name":"Optimitzat","description":"Ventas, Liderazgo Equipos Alto rendimiento y Motivaci\u00f3n","potentialAction":[{"@type":"SearchAction","target":{"@type":"EntryPoint","urlTemplate":"https:\/\/optimitzat.com\/ca\/?s={search_term_string}"},"query-input":{"@type":"PropertyValueSpecification","valueRequired":true,"valueName":"search_term_string"}}],"inLanguage":"ca"},{"@type":"Person","@id":"https:\/\/optimitzat.com\/ca\/#\/schema\/person\/c43559449b0dfdcb17aadc52be9f1e8c","name":"Jordi Urgell","image":{"@type":"ImageObject","inLanguage":"ca","@id":"https:\/\/secure.gravatar.com\/avatar\/235180933e34092574bdde878cc36458c3670d8c7ed561b740d85bab77d3f185?s=96&d=mm&r=g","url":"https:\/\/secure.gravatar.com\/avatar\/235180933e34092574bdde878cc36458c3670d8c7ed561b740d85bab77d3f185?s=96&d=mm&r=g","contentUrl":"https:\/\/secure.gravatar.com\/avatar\/235180933e34092574bdde878cc36458c3670d8c7ed561b740d85bab77d3f185?s=96&d=mm&r=g","caption":"Jordi Urgell"},"description":"Ayudo empresas y personas a potenciar sus resultados con las 2 palancas m\u00e1s importantes: Ventas + Liderazgo (Equipos alto rendimiento motivados) C\u00f3mo:\u00a0 Con un Sistema probado basado en conocimientos + amplia experiencia\u00a0 (gran cantidad de casos de \u00e9xito y testimonios avalan). Soy Mentor&amp;coach profesional certificado por la International Coach Federation (ICF, n\u00ba de socio 20121083). Consultor y formador de alto impacto. Especialista en Ventas, Motivaci\u00f3n\u00a0 y Coaching&amp;Liderazgo Equipos de Alto Rendimiento (EAR)"}]}},"_links":{"self":[{"href":"https:\/\/optimitzat.com\/ca\/wp-json\/wp\/v2\/posts\/16656","targetHints":{"allow":["GET"]}}],"collection":[{"href":"https:\/\/optimitzat.com\/ca\/wp-json\/wp\/v2\/posts"}],"about":[{"href":"https:\/\/optimitzat.com\/ca\/wp-json\/wp\/v2\/types\/post"}],"author":[{"embeddable":true,"href":"https:\/\/optimitzat.com\/ca\/wp-json\/wp\/v2\/users\/5"}],"replies":[{"embeddable":true,"href":"https:\/\/optimitzat.com\/ca\/wp-json\/wp\/v2\/comments?post=16656"}],"version-history":[{"count":3,"href":"https:\/\/optimitzat.com\/ca\/wp-json\/wp\/v2\/posts\/16656\/revisions"}],"predecessor-version":[{"id":16694,"href":"https:\/\/optimitzat.com\/ca\/wp-json\/wp\/v2\/posts\/16656\/revisions\/16694"}],"wp:featuredmedia":[{"embeddable":true,"href":"https:\/\/optimitzat.com\/ca\/wp-json\/wp\/v2\/media\/16653"}],"wp:attachment":[{"href":"https:\/\/optimitzat.com\/ca\/wp-json\/wp\/v2\/media?parent=16656"}],"wp:term":[{"taxonomy":"category","embeddable":true,"href":"https:\/\/optimitzat.com\/ca\/wp-json\/wp\/v2\/categories?post=16656"},{"taxonomy":"post_tag","embeddable":true,"href":"https:\/\/optimitzat.com\/ca\/wp-json\/wp\/v2\/tags?post=16656"}],"curies":[{"name":"wp","href":"https:\/\/api.w.org\/{rel}","templated":true}]}}