{"id":1610,"date":"2014-12-02T16:40:40","date_gmt":"2014-12-02T14:40:40","guid":{"rendered":"http:\/\/www.optimitzat.com\/?post_type=actualidad&#038;p=1610"},"modified":"2016-03-16T15:33:56","modified_gmt":"2016-03-16T15:33:56","slug":"entrevista-en-radio-ua1-claus-per-afrontar-entrevista-feina-amb-exit","status":"publish","type":"post","link":"https:\/\/optimitzat.com\/ca\/entrevista-en-radio-ua1-claus-per-afrontar-entrevista-feina-amb-exit\/","title":{"rendered":"ENTREVISTA EN RADIO UA1 CLAUS PER AFRONTAR ENTREVISTA FEINA AMB \u00c8XIT"},"content":{"rendered":"<p style=\"line-height: 14.25pt;\"><span style=\"font-size: 12pt; font-family: arial, helvetica, sans-serif; color: black;\">Entrevista d\u00b4aquesta\u00a0setmana en Radio UA1 104.5 Lleida \u00a0on comparteixo claus i eines pr\u00e1ctiques per AFRONTAR una ENTREVISTA DE FEINA amb <strong>\u00c8<strong>XIT<\/strong>.<\/strong><\/span><\/p>\n<p style=\"line-height: 14.25pt; orphans: auto; text-align: start; widows: auto; -webkit-text-stroke-width: 0px; word-spacing: 0px;\"><span style=\"font-size: 12pt; font-family: arial, helvetica, sans-serif;\"><span style=\"color: black;\">A m\u00e9s, no et perdis el potent conte del final de l\u00b4entrevista, t\u00b4agradar\u00e0.<\/span><\/span><\/p>\n<p style=\"line-height: 14.25pt; orphans: auto; text-align: start; widows: auto; -webkit-text-stroke-width: 0px; word-spacing: 0px;\"><span style=\"font-size: 10.0pt; font-family: 'Georgia','serif'; color: #333333;\">\u00a0<\/span><\/p>\n<p style=\"line-height: 14.25pt; orphans: auto; text-align: start; widows: auto; -webkit-text-stroke-width: 0px; word-spacing: 0px;\"><a href=\"http:\/\/www.ivoox.com\/com-afrontar-entrevista-feina-amb-exit-audios-mp3_rf_3801840_1.html%20\"><span style=\"color: #0000ff;\"><span style=\"font-size: 14pt; font-family: 'Arial Black', sans-serif;\">ENTREVISTA R\u00c0DIO UA1 \u00a0(COM AFRONTAR\u00a0ENTREVISTA DE FEINA AMB \u00c8XIT)<\/span><\/span><\/a><\/p>\n<p style=\"line-height: 14.25pt; orphans: auto; text-align: start; widows: auto; -webkit-text-stroke-width: 0px; word-spacing: 0px;\"><span><span style=\"font-size: 10.0pt; font-family: 'Georgia','serif'; color: #333333;\">\u00a0<\/span><\/span><\/p>\n<p style=\"line-height: 14.25pt; orphans: auto; text-align: start; widows: auto; -webkit-text-stroke-width: 0px; word-spacing: 0px;\"><span style=\"color: #000000; font-size: 12pt; font-family: arial, helvetica, sans-serif;\"><span class=\"hps\">No et<\/span>\u00a0p<span class=\"hps\">erdis<\/span>\u00a0el proper p<span class=\"hps\">rograma de r\u00e0dio<\/span>\u00a0cap a\u00a0<span class=\"hps\">les<\/span> <span class=\"hps\">09:10\u00a0<\/span> <span class=\"hps\">i\u00a0<\/span>\u00a0c<span class=\"hps\">ada<\/span> <span class=\"hps\">15<\/span>\u00a0d<span class=\"hps\">ies<\/span>\u00a0f<span class=\"hps\">ins al juny<\/span>, en e<span class=\"hps\">l<\/span>\u00a0q<span class=\"hps\">ue<\/span> <span class=\"hps\">compartir\u00e9<\/span> <span class=\"hps\">claus<\/span> <span class=\"hps\">i<\/span>\u00a0e<span class=\"hps\">ines<\/span> <span class=\"hps\">de coaching per a <\/span><span class=\"hps\">potenciar la teva<\/span> <span class=\"hps\">vida<\/span>. <span class=\"hps\">A m\u00e9s<\/span>, <span class=\"hps\">podr\u00e0s<\/span> <span class=\"hps\">fer-me<\/span> els preguntes q<span class=\"hps\">ue<\/span> <span class=\"hps\">vulguis<\/span>, <span class=\"hps\">i entre<\/span>\u00a0totes les\u00a0p<span class=\"hps\">ersones<\/span>\u00a0q<span class=\"hps\">ue<\/span> <span class=\"hps\">feu una\u00a0<\/span>\u00a0p<span class=\"hps\">regunta\u00a0<\/span><span class=\"hps\">sortejar\u00e9<\/span>\u00a0c<span class=\"hps\">ada mes<\/span>\u00a0u<span class=\"hps\">na sessi\u00f3<\/span> <span class=\"hps\">de COACHING <\/span><span class=\"hps\">valorada en<\/span> <span class=\"hps\">100 \u20ac.<\/span><\/span><\/p>\n","protected":false},"excerpt":{"rendered":"<p>Entrevista d\u00b4aquesta\u00a0setmana en Radio UA1 104.5 Lleida \u00a0on comparteixo claus i eines pr\u00e1ctiques per AFRONTAR una ENTREVISTA DE FEINA amb \u00c8XIT. A m\u00e9s, no et perdis el potent conte del [&hellip;]<\/p>\n","protected":false},"author":5,"featured_media":1510,"comment_status":"closed","ping_status":"closed","sticky":false,"template":"","format":"standard","meta":{"_acf_changed":false,"_et_pb_use_builder":"","_et_pb_old_content":"","_et_gb_content_width":"","footnotes":""},"categories":[182],"tags":[],"class_list":["post-1610","post","type-post","status-publish","format-standard","has-post-thumbnail","hentry","category-noticies"],"acf":[],"yoast_head":"<!-- This site is optimized with the Yoast SEO plugin v27.5 - https:\/\/yoast.com\/product\/yoast-seo-wordpress\/ -->\n<title>ENTREVISTA EN RADIO UA1 CLAUS PER AFRONTAR ENTREVISTA FEINA AMB \u00c8XIT - Optimitzat<\/title>\n<meta name=\"robots\" content=\"index, follow, max-snippet:-1, max-image-preview:large, max-video-preview:-1\" \/>\n<link rel=\"canonical\" href=\"https:\/\/optimitzat.com\/ca\/entrevista-en-radio-ua1-claus-per-afrontar-entrevista-feina-amb-exit\/\" \/>\n<meta property=\"og:locale\" content=\"ca_ES\" \/>\n<meta property=\"og:type\" content=\"article\" \/>\n<meta property=\"og:title\" content=\"ENTREVISTA EN RADIO UA1 CLAUS PER AFRONTAR ENTREVISTA FEINA AMB \u00c8XIT - Optimitzat\" \/>\n<meta property=\"og:description\" content=\"Entrevista d\u00b4aquesta\u00a0setmana en Radio UA1 104.5 Lleida \u00a0on comparteixo claus i eines pr\u00e1ctiques per AFRONTAR una ENTREVISTA DE FEINA amb \u00c8XIT. A m\u00e9s, no et perdis el potent conte del [&hellip;]\" \/>\n<meta property=\"og:url\" content=\"https:\/\/optimitzat.com\/ca\/entrevista-en-radio-ua1-claus-per-afrontar-entrevista-feina-amb-exit\/\" \/>\n<meta property=\"og:site_name\" content=\"Optimitzat\" \/>\n<meta property=\"article:published_time\" content=\"2014-12-02T14:40:40+00:00\" \/>\n<meta property=\"article:modified_time\" content=\"2016-03-16T15:33:56+00:00\" \/>\n<meta property=\"og:image\" content=\"https:\/\/optimitzat.com\/wp-content\/uploads\/2014\/10\/RADIO-UA1-3-11-14.jpg\" \/>\n\t<meta property=\"og:image:width\" content=\"245\" \/>\n\t<meta property=\"og:image:height\" content=\"198\" \/>\n\t<meta property=\"og:image:type\" content=\"image\/jpeg\" \/>\n<meta name=\"author\" content=\"Jordi Urgell\" \/>\n<meta name=\"twitter:card\" content=\"summary_large_image\" \/>\n<meta name=\"twitter:label1\" content=\"Escrit per\" \/>\n\t<meta name=\"twitter:data1\" content=\"Jordi Urgell\" \/>\n\t<meta name=\"twitter:label2\" content=\"Temps estimat de lectura\" \/>\n\t<meta name=\"twitter:data2\" content=\"1 minut\" \/>\n<script type=\"application\/ld+json\" class=\"yoast-schema-graph\">{\"@context\":\"https:\\\/\\\/schema.org\",\"@graph\":[{\"@type\":\"Article\",\"@id\":\"https:\\\/\\\/optimitzat.com\\\/ca\\\/entrevista-en-radio-ua1-claus-per-afrontar-entrevista-feina-amb-exit\\\/#article\",\"isPartOf\":{\"@id\":\"https:\\\/\\\/optimitzat.com\\\/ca\\\/entrevista-en-radio-ua1-claus-per-afrontar-entrevista-feina-amb-exit\\\/\"},\"author\":{\"name\":\"Jordi Urgell\",\"@id\":\"https:\\\/\\\/optimitzat.com\\\/ca\\\/#\\\/schema\\\/person\\\/c43559449b0dfdcb17aadc52be9f1e8c\"},\"headline\":\"ENTREVISTA EN RADIO UA1 CLAUS PER AFRONTAR ENTREVISTA FEINA AMB \u00c8XIT\",\"datePublished\":\"2014-12-02T14:40:40+00:00\",\"dateModified\":\"2016-03-16T15:33:56+00:00\",\"mainEntityOfPage\":{\"@id\":\"https:\\\/\\\/optimitzat.com\\\/ca\\\/entrevista-en-radio-ua1-claus-per-afrontar-entrevista-feina-amb-exit\\\/\"},\"wordCount\":122,\"image\":{\"@id\":\"https:\\\/\\\/optimitzat.com\\\/ca\\\/entrevista-en-radio-ua1-claus-per-afrontar-entrevista-feina-amb-exit\\\/#primaryimage\"},\"thumbnailUrl\":\"https:\\\/\\\/optimitzat.com\\\/wp-content\\\/uploads\\\/2014\\\/10\\\/RADIO-UA1-3-11-14.jpg\",\"articleSection\":[\"NOT\u00cdCIES\"],\"inLanguage\":\"ca\"},{\"@type\":\"WebPage\",\"@id\":\"https:\\\/\\\/optimitzat.com\\\/ca\\\/entrevista-en-radio-ua1-claus-per-afrontar-entrevista-feina-amb-exit\\\/\",\"url\":\"https:\\\/\\\/optimitzat.com\\\/ca\\\/entrevista-en-radio-ua1-claus-per-afrontar-entrevista-feina-amb-exit\\\/\",\"name\":\"ENTREVISTA EN RADIO UA1 CLAUS PER AFRONTAR ENTREVISTA FEINA AMB \u00c8XIT - Optimitzat\",\"isPartOf\":{\"@id\":\"https:\\\/\\\/optimitzat.com\\\/ca\\\/#website\"},\"primaryImageOfPage\":{\"@id\":\"https:\\\/\\\/optimitzat.com\\\/ca\\\/entrevista-en-radio-ua1-claus-per-afrontar-entrevista-feina-amb-exit\\\/#primaryimage\"},\"image\":{\"@id\":\"https:\\\/\\\/optimitzat.com\\\/ca\\\/entrevista-en-radio-ua1-claus-per-afrontar-entrevista-feina-amb-exit\\\/#primaryimage\"},\"thumbnailUrl\":\"https:\\\/\\\/optimitzat.com\\\/wp-content\\\/uploads\\\/2014\\\/10\\\/RADIO-UA1-3-11-14.jpg\",\"datePublished\":\"2014-12-02T14:40:40+00:00\",\"dateModified\":\"2016-03-16T15:33:56+00:00\",\"author\":{\"@id\":\"https:\\\/\\\/optimitzat.com\\\/ca\\\/#\\\/schema\\\/person\\\/c43559449b0dfdcb17aadc52be9f1e8c\"},\"breadcrumb\":{\"@id\":\"https:\\\/\\\/optimitzat.com\\\/ca\\\/entrevista-en-radio-ua1-claus-per-afrontar-entrevista-feina-amb-exit\\\/#breadcrumb\"},\"inLanguage\":\"ca\",\"potentialAction\":[{\"@type\":\"ReadAction\",\"target\":[\"https:\\\/\\\/optimitzat.com\\\/ca\\\/entrevista-en-radio-ua1-claus-per-afrontar-entrevista-feina-amb-exit\\\/\"]}]},{\"@type\":\"ImageObject\",\"inLanguage\":\"ca\",\"@id\":\"https:\\\/\\\/optimitzat.com\\\/ca\\\/entrevista-en-radio-ua1-claus-per-afrontar-entrevista-feina-amb-exit\\\/#primaryimage\",\"url\":\"https:\\\/\\\/optimitzat.com\\\/wp-content\\\/uploads\\\/2014\\\/10\\\/RADIO-UA1-3-11-14.jpg\",\"contentUrl\":\"https:\\\/\\\/optimitzat.com\\\/wp-content\\\/uploads\\\/2014\\\/10\\\/RADIO-UA1-3-11-14.jpg\",\"width\":245,\"height\":198,\"caption\":\"coaching lleida\"},{\"@type\":\"BreadcrumbList\",\"@id\":\"https:\\\/\\\/optimitzat.com\\\/ca\\\/entrevista-en-radio-ua1-claus-per-afrontar-entrevista-feina-amb-exit\\\/#breadcrumb\",\"itemListElement\":[{\"@type\":\"ListItem\",\"position\":1,\"name\":\"Portada\",\"item\":\"https:\\\/\\\/optimitzat.com\\\/ca\\\/inici\\\/\"},{\"@type\":\"ListItem\",\"position\":2,\"name\":\"ENTREVISTA EN RADIO UA1 CLAUS PER AFRONTAR ENTREVISTA FEINA AMB \u00c8XIT\"}]},{\"@type\":\"WebSite\",\"@id\":\"https:\\\/\\\/optimitzat.com\\\/ca\\\/#website\",\"url\":\"https:\\\/\\\/optimitzat.com\\\/ca\\\/\",\"name\":\"Optimitzat\",\"description\":\"Ventas, Liderazgo Equipos Alto rendimiento y Motivaci\u00f3n\",\"potentialAction\":[{\"@type\":\"SearchAction\",\"target\":{\"@type\":\"EntryPoint\",\"urlTemplate\":\"https:\\\/\\\/optimitzat.com\\\/ca\\\/?s={search_term_string}\"},\"query-input\":{\"@type\":\"PropertyValueSpecification\",\"valueRequired\":true,\"valueName\":\"search_term_string\"}}],\"inLanguage\":\"ca\"},{\"@type\":\"Person\",\"@id\":\"https:\\\/\\\/optimitzat.com\\\/ca\\\/#\\\/schema\\\/person\\\/c43559449b0dfdcb17aadc52be9f1e8c\",\"name\":\"Jordi Urgell\",\"image\":{\"@type\":\"ImageObject\",\"inLanguage\":\"ca\",\"@id\":\"https:\\\/\\\/secure.gravatar.com\\\/avatar\\\/235180933e34092574bdde878cc36458c3670d8c7ed561b740d85bab77d3f185?s=96&d=mm&r=g\",\"url\":\"https:\\\/\\\/secure.gravatar.com\\\/avatar\\\/235180933e34092574bdde878cc36458c3670d8c7ed561b740d85bab77d3f185?s=96&d=mm&r=g\",\"contentUrl\":\"https:\\\/\\\/secure.gravatar.com\\\/avatar\\\/235180933e34092574bdde878cc36458c3670d8c7ed561b740d85bab77d3f185?s=96&d=mm&r=g\",\"caption\":\"Jordi Urgell\"},\"description\":\"Ayudo empresas y personas a potenciar sus resultados con las 2 palancas m\u00e1s importantes: Ventas + Liderazgo (Equipos alto rendimiento motivados) C\u00f3mo:\u00a0 Con un Sistema probado basado en conocimientos + amplia experiencia\u00a0 (gran cantidad de casos de \u00e9xito y testimonios avalan). Soy Mentor&amp;coach profesional certificado por la International Coach Federation (ICF, n\u00ba de socio 20121083). Consultor y formador de alto impacto. Especialista en Ventas, Motivaci\u00f3n\u00a0 y Coaching&amp;Liderazgo Equipos de Alto Rendimiento (EAR)\"}]}<\/script>\n<!-- \/ Yoast SEO plugin. -->","yoast_head_json":{"title":"ENTREVISTA EN RADIO UA1 CLAUS PER AFRONTAR ENTREVISTA FEINA AMB \u00c8XIT - Optimitzat","robots":{"index":"index","follow":"follow","max-snippet":"max-snippet:-1","max-image-preview":"max-image-preview:large","max-video-preview":"max-video-preview:-1"},"canonical":"https:\/\/optimitzat.com\/ca\/entrevista-en-radio-ua1-claus-per-afrontar-entrevista-feina-amb-exit\/","og_locale":"ca_ES","og_type":"article","og_title":"ENTREVISTA EN RADIO UA1 CLAUS PER AFRONTAR ENTREVISTA FEINA AMB \u00c8XIT - Optimitzat","og_description":"Entrevista d\u00b4aquesta\u00a0setmana en Radio UA1 104.5 Lleida \u00a0on comparteixo claus i eines pr\u00e1ctiques per AFRONTAR una ENTREVISTA DE FEINA amb \u00c8XIT. A m\u00e9s, no et perdis el potent conte del [&hellip;]","og_url":"https:\/\/optimitzat.com\/ca\/entrevista-en-radio-ua1-claus-per-afrontar-entrevista-feina-amb-exit\/","og_site_name":"Optimitzat","article_published_time":"2014-12-02T14:40:40+00:00","article_modified_time":"2016-03-16T15:33:56+00:00","og_image":[{"width":245,"height":198,"url":"https:\/\/optimitzat.com\/wp-content\/uploads\/2014\/10\/RADIO-UA1-3-11-14.jpg","type":"image\/jpeg"}],"author":"Jordi Urgell","twitter_card":"summary_large_image","twitter_misc":{"Escrit per":"Jordi Urgell","Temps estimat de lectura":"1 minut"},"schema":{"@context":"https:\/\/schema.org","@graph":[{"@type":"Article","@id":"https:\/\/optimitzat.com\/ca\/entrevista-en-radio-ua1-claus-per-afrontar-entrevista-feina-amb-exit\/#article","isPartOf":{"@id":"https:\/\/optimitzat.com\/ca\/entrevista-en-radio-ua1-claus-per-afrontar-entrevista-feina-amb-exit\/"},"author":{"name":"Jordi Urgell","@id":"https:\/\/optimitzat.com\/ca\/#\/schema\/person\/c43559449b0dfdcb17aadc52be9f1e8c"},"headline":"ENTREVISTA EN RADIO UA1 CLAUS PER AFRONTAR ENTREVISTA FEINA AMB \u00c8XIT","datePublished":"2014-12-02T14:40:40+00:00","dateModified":"2016-03-16T15:33:56+00:00","mainEntityOfPage":{"@id":"https:\/\/optimitzat.com\/ca\/entrevista-en-radio-ua1-claus-per-afrontar-entrevista-feina-amb-exit\/"},"wordCount":122,"image":{"@id":"https:\/\/optimitzat.com\/ca\/entrevista-en-radio-ua1-claus-per-afrontar-entrevista-feina-amb-exit\/#primaryimage"},"thumbnailUrl":"https:\/\/optimitzat.com\/wp-content\/uploads\/2014\/10\/RADIO-UA1-3-11-14.jpg","articleSection":["NOT\u00cdCIES"],"inLanguage":"ca"},{"@type":"WebPage","@id":"https:\/\/optimitzat.com\/ca\/entrevista-en-radio-ua1-claus-per-afrontar-entrevista-feina-amb-exit\/","url":"https:\/\/optimitzat.com\/ca\/entrevista-en-radio-ua1-claus-per-afrontar-entrevista-feina-amb-exit\/","name":"ENTREVISTA EN RADIO UA1 CLAUS PER AFRONTAR ENTREVISTA FEINA AMB \u00c8XIT - Optimitzat","isPartOf":{"@id":"https:\/\/optimitzat.com\/ca\/#website"},"primaryImageOfPage":{"@id":"https:\/\/optimitzat.com\/ca\/entrevista-en-radio-ua1-claus-per-afrontar-entrevista-feina-amb-exit\/#primaryimage"},"image":{"@id":"https:\/\/optimitzat.com\/ca\/entrevista-en-radio-ua1-claus-per-afrontar-entrevista-feina-amb-exit\/#primaryimage"},"thumbnailUrl":"https:\/\/optimitzat.com\/wp-content\/uploads\/2014\/10\/RADIO-UA1-3-11-14.jpg","datePublished":"2014-12-02T14:40:40+00:00","dateModified":"2016-03-16T15:33:56+00:00","author":{"@id":"https:\/\/optimitzat.com\/ca\/#\/schema\/person\/c43559449b0dfdcb17aadc52be9f1e8c"},"breadcrumb":{"@id":"https:\/\/optimitzat.com\/ca\/entrevista-en-radio-ua1-claus-per-afrontar-entrevista-feina-amb-exit\/#breadcrumb"},"inLanguage":"ca","potentialAction":[{"@type":"ReadAction","target":["https:\/\/optimitzat.com\/ca\/entrevista-en-radio-ua1-claus-per-afrontar-entrevista-feina-amb-exit\/"]}]},{"@type":"ImageObject","inLanguage":"ca","@id":"https:\/\/optimitzat.com\/ca\/entrevista-en-radio-ua1-claus-per-afrontar-entrevista-feina-amb-exit\/#primaryimage","url":"https:\/\/optimitzat.com\/wp-content\/uploads\/2014\/10\/RADIO-UA1-3-11-14.jpg","contentUrl":"https:\/\/optimitzat.com\/wp-content\/uploads\/2014\/10\/RADIO-UA1-3-11-14.jpg","width":245,"height":198,"caption":"coaching lleida"},{"@type":"BreadcrumbList","@id":"https:\/\/optimitzat.com\/ca\/entrevista-en-radio-ua1-claus-per-afrontar-entrevista-feina-amb-exit\/#breadcrumb","itemListElement":[{"@type":"ListItem","position":1,"name":"Portada","item":"https:\/\/optimitzat.com\/ca\/inici\/"},{"@type":"ListItem","position":2,"name":"ENTREVISTA EN RADIO UA1 CLAUS PER AFRONTAR ENTREVISTA FEINA AMB \u00c8XIT"}]},{"@type":"WebSite","@id":"https:\/\/optimitzat.com\/ca\/#website","url":"https:\/\/optimitzat.com\/ca\/","name":"Optimitzat","description":"Ventas, Liderazgo Equipos Alto rendimiento y Motivaci\u00f3n","potentialAction":[{"@type":"SearchAction","target":{"@type":"EntryPoint","urlTemplate":"https:\/\/optimitzat.com\/ca\/?s={search_term_string}"},"query-input":{"@type":"PropertyValueSpecification","valueRequired":true,"valueName":"search_term_string"}}],"inLanguage":"ca"},{"@type":"Person","@id":"https:\/\/optimitzat.com\/ca\/#\/schema\/person\/c43559449b0dfdcb17aadc52be9f1e8c","name":"Jordi Urgell","image":{"@type":"ImageObject","inLanguage":"ca","@id":"https:\/\/secure.gravatar.com\/avatar\/235180933e34092574bdde878cc36458c3670d8c7ed561b740d85bab77d3f185?s=96&d=mm&r=g","url":"https:\/\/secure.gravatar.com\/avatar\/235180933e34092574bdde878cc36458c3670d8c7ed561b740d85bab77d3f185?s=96&d=mm&r=g","contentUrl":"https:\/\/secure.gravatar.com\/avatar\/235180933e34092574bdde878cc36458c3670d8c7ed561b740d85bab77d3f185?s=96&d=mm&r=g","caption":"Jordi Urgell"},"description":"Ayudo empresas y personas a potenciar sus resultados con las 2 palancas m\u00e1s importantes: Ventas + Liderazgo (Equipos alto rendimiento motivados) C\u00f3mo:\u00a0 Con un Sistema probado basado en conocimientos + amplia experiencia\u00a0 (gran cantidad de casos de \u00e9xito y testimonios avalan). Soy Mentor&amp;coach profesional certificado por la International Coach Federation (ICF, n\u00ba de socio 20121083). Consultor y formador de alto impacto. Especialista en Ventas, Motivaci\u00f3n\u00a0 y Coaching&amp;Liderazgo Equipos de Alto Rendimiento (EAR)"}]}},"_links":{"self":[{"href":"https:\/\/optimitzat.com\/ca\/wp-json\/wp\/v2\/posts\/1610","targetHints":{"allow":["GET"]}}],"collection":[{"href":"https:\/\/optimitzat.com\/ca\/wp-json\/wp\/v2\/posts"}],"about":[{"href":"https:\/\/optimitzat.com\/ca\/wp-json\/wp\/v2\/types\/post"}],"author":[{"embeddable":true,"href":"https:\/\/optimitzat.com\/ca\/wp-json\/wp\/v2\/users\/5"}],"replies":[{"embeddable":true,"href":"https:\/\/optimitzat.com\/ca\/wp-json\/wp\/v2\/comments?post=1610"}],"version-history":[{"count":1,"href":"https:\/\/optimitzat.com\/ca\/wp-json\/wp\/v2\/posts\/1610\/revisions"}],"predecessor-version":[{"id":3889,"href":"https:\/\/optimitzat.com\/ca\/wp-json\/wp\/v2\/posts\/1610\/revisions\/3889"}],"wp:featuredmedia":[{"embeddable":true,"href":"https:\/\/optimitzat.com\/ca\/wp-json\/wp\/v2\/media\/1510"}],"wp:attachment":[{"href":"https:\/\/optimitzat.com\/ca\/wp-json\/wp\/v2\/media?parent=1610"}],"wp:term":[{"taxonomy":"category","embeddable":true,"href":"https:\/\/optimitzat.com\/ca\/wp-json\/wp\/v2\/categories?post=1610"},{"taxonomy":"post_tag","embeddable":true,"href":"https:\/\/optimitzat.com\/ca\/wp-json\/wp\/v2\/tags?post=1610"}],"curies":[{"name":"wp","href":"https:\/\/api.w.org\/{rel}","templated":true}]}}