{"id":1258,"date":"2014-07-07T13:41:14","date_gmt":"2014-07-07T11:41:14","guid":{"rendered":"http:\/\/www.optimitzat.com\/?post_type=clientes&#038;p=1258"},"modified":"2016-04-21T16:35:17","modified_gmt":"2016-04-21T16:35:17","slug":"aconseguit-ser-mes-positiva-vital-curs-de-coaching-lideratge-personal","status":"publish","type":"post","link":"https:\/\/optimitzat.com\/ca\/aconseguit-ser-mes-positiva-vital-curs-de-coaching-lideratge-personal\/","title":{"rendered":"HE ACONSEGUIT SER M\u00c9S POSITIVA I VITAL  (CURS DE COACHING I LIDERATGE PERSONAL)"},"content":{"rendered":"<p><span title=\"&quot;Despr\u00e8s de la formaci\u00f3 de Caoching i Lideratge personal he aconseguit ser m\u00e9s positiva i vital i he apr\u00e9s moltes eines. Ara em sento amb positivitat perqu\u00e8 poso en pr\u00e0ctica tot l\u00b4apr\u00e9s en el curs. La meva vida ha canviat positivament. Jordi \u00e9s un senyor clar que permet fer-te sentir c\u00f2mode amb les teves febleses i ajudar-te a canviar: &quot;Ho farem&quot;.&quot; HE CONSEGUIDO SER M\u00c1S POSITIVA Y VITAL (CURSO DE COACHING Y LIDERAZGO PERSONAL)\">&#8220;Despr\u00e8s de la formaci\u00f3 de Coaching i Lideratge personal he aconseguit ser m\u00e9s positiva i vital i he apr\u00e9s moltes eines. Ara em sento amb positivitat perqu\u00e8 poso en pr\u00e0ctica tot l\u00b4apr\u00e9s en el curs. La meva vida ha canviat positivament. Jordi \u00e9s un senyor clar que permet fer-te sentir c\u00f2mode amb les teves febleses i ajudar-te a canviar: &#8220;Ho farem&#8221;.&#8221;<\/span><\/p>\n","protected":false},"excerpt":{"rendered":"<p>&#8220;Despr\u00e8s de la formaci\u00f3 de Coaching i Lideratge personal he aconseguit ser m\u00e9s positiva i vital i he apr\u00e9s moltes eines. Ara em sento amb positivitat perqu\u00e8 poso en pr\u00e0ctica [&hellip;]<\/p>\n","protected":false},"author":5,"featured_media":6339,"comment_status":"closed","ping_status":"closed","sticky":false,"template":"","format":"standard","meta":{"_acf_changed":false,"_et_pb_use_builder":"","_et_pb_old_content":"","_et_gb_content_width":"","footnotes":""},"categories":[186],"tags":[],"class_list":["post-1258","post","type-post","status-publish","format-standard","has-post-thumbnail","hentry","category-clients"],"acf":[],"yoast_head":"<!-- This site is optimized with the Yoast SEO plugin v27.3 - https:\/\/yoast.com\/product\/yoast-seo-wordpress\/ -->\n<title>HE ACONSEGUIT SER M\u00c9S POSITIVA I VITAL (CURS DE COACHING I LIDERATGE PERSONAL) - Optimitzat<\/title>\n<meta name=\"description\" content=\"ACONSEGUIR OBJECTIUS, COACHING PER L&#039;\u00c8XIT, COACHING PER ACONSEGUIR RESULTATS\" \/>\n<meta name=\"robots\" content=\"index, follow, max-snippet:-1, max-image-preview:large, max-video-preview:-1\" \/>\n<link rel=\"canonical\" href=\"https:\/\/optimitzat.com\/ca\/aconseguit-ser-mes-positiva-vital-curs-de-coaching-lideratge-personal\/\" \/>\n<meta property=\"og:locale\" content=\"ca_ES\" \/>\n<meta property=\"og:type\" content=\"article\" \/>\n<meta property=\"og:title\" content=\"HE ACONSEGUIT SER M\u00c9S POSITIVA I VITAL (CURS DE COACHING I LIDERATGE PERSONAL) - Optimitzat\" \/>\n<meta property=\"og:description\" content=\"ACONSEGUIR OBJECTIUS, COACHING PER L&#039;\u00c8XIT, COACHING PER ACONSEGUIR RESULTATS\" \/>\n<meta property=\"og:url\" content=\"https:\/\/optimitzat.com\/ca\/aconseguit-ser-mes-positiva-vital-curs-de-coaching-lideratge-personal\/\" \/>\n<meta property=\"og:site_name\" content=\"Optimitzat\" \/>\n<meta property=\"article:published_time\" content=\"2014-07-07T11:41:14+00:00\" \/>\n<meta property=\"article:modified_time\" content=\"2016-04-21T16:35:17+00:00\" \/>\n<meta property=\"og:image\" content=\"https:\/\/optimitzat.com\/wp-content\/uploads\/2015\/08\/coach-imatge-web-mini.jpg\" \/>\n\t<meta property=\"og:image:width\" content=\"800\" \/>\n\t<meta property=\"og:image:height\" content=\"500\" \/>\n\t<meta property=\"og:image:type\" content=\"image\/jpeg\" \/>\n<meta name=\"author\" content=\"Jordi Urgell\" \/>\n<meta name=\"twitter:card\" content=\"summary_large_image\" \/>\n<meta name=\"twitter:label1\" content=\"Escrit per\" \/>\n\t<meta name=\"twitter:data1\" content=\"Jordi Urgell\" \/>\n<script type=\"application\/ld+json\" class=\"yoast-schema-graph\">{\"@context\":\"https:\\\/\\\/schema.org\",\"@graph\":[{\"@type\":\"Article\",\"@id\":\"https:\\\/\\\/optimitzat.com\\\/ca\\\/aconseguit-ser-mes-positiva-vital-curs-de-coaching-lideratge-personal\\\/#article\",\"isPartOf\":{\"@id\":\"https:\\\/\\\/optimitzat.com\\\/ca\\\/aconseguit-ser-mes-positiva-vital-curs-de-coaching-lideratge-personal\\\/\"},\"author\":{\"name\":\"Jordi Urgell\",\"@id\":\"https:\\\/\\\/optimitzat.com\\\/ca\\\/#\\\/schema\\\/person\\\/c43559449b0dfdcb17aadc52be9f1e8c\"},\"headline\":\"HE ACONSEGUIT SER M\u00c9S POSITIVA I VITAL (CURS DE COACHING I LIDERATGE PERSONAL)\",\"datePublished\":\"2014-07-07T11:41:14+00:00\",\"dateModified\":\"2016-04-21T16:35:17+00:00\",\"mainEntityOfPage\":{\"@id\":\"https:\\\/\\\/optimitzat.com\\\/ca\\\/aconseguit-ser-mes-positiva-vital-curs-de-coaching-lideratge-personal\\\/\"},\"wordCount\":82,\"image\":{\"@id\":\"https:\\\/\\\/optimitzat.com\\\/ca\\\/aconseguit-ser-mes-positiva-vital-curs-de-coaching-lideratge-personal\\\/#primaryimage\"},\"thumbnailUrl\":\"https:\\\/\\\/optimitzat.com\\\/wp-content\\\/uploads\\\/2015\\\/08\\\/coach-imatge-web-mini.jpg\",\"articleSection\":[\"CLIENTS\"],\"inLanguage\":\"ca\"},{\"@type\":\"WebPage\",\"@id\":\"https:\\\/\\\/optimitzat.com\\\/ca\\\/aconseguit-ser-mes-positiva-vital-curs-de-coaching-lideratge-personal\\\/\",\"url\":\"https:\\\/\\\/optimitzat.com\\\/ca\\\/aconseguit-ser-mes-positiva-vital-curs-de-coaching-lideratge-personal\\\/\",\"name\":\"HE ACONSEGUIT SER M\u00c9S POSITIVA I VITAL (CURS DE COACHING I LIDERATGE PERSONAL) - Optimitzat\",\"isPartOf\":{\"@id\":\"https:\\\/\\\/optimitzat.com\\\/ca\\\/#website\"},\"primaryImageOfPage\":{\"@id\":\"https:\\\/\\\/optimitzat.com\\\/ca\\\/aconseguit-ser-mes-positiva-vital-curs-de-coaching-lideratge-personal\\\/#primaryimage\"},\"image\":{\"@id\":\"https:\\\/\\\/optimitzat.com\\\/ca\\\/aconseguit-ser-mes-positiva-vital-curs-de-coaching-lideratge-personal\\\/#primaryimage\"},\"thumbnailUrl\":\"https:\\\/\\\/optimitzat.com\\\/wp-content\\\/uploads\\\/2015\\\/08\\\/coach-imatge-web-mini.jpg\",\"datePublished\":\"2014-07-07T11:41:14+00:00\",\"dateModified\":\"2016-04-21T16:35:17+00:00\",\"author\":{\"@id\":\"https:\\\/\\\/optimitzat.com\\\/ca\\\/#\\\/schema\\\/person\\\/c43559449b0dfdcb17aadc52be9f1e8c\"},\"description\":\"ACONSEGUIR OBJECTIUS, COACHING PER L'\u00c8XIT, COACHING PER ACONSEGUIR RESULTATS\",\"breadcrumb\":{\"@id\":\"https:\\\/\\\/optimitzat.com\\\/ca\\\/aconseguit-ser-mes-positiva-vital-curs-de-coaching-lideratge-personal\\\/#breadcrumb\"},\"inLanguage\":\"ca\",\"potentialAction\":[{\"@type\":\"ReadAction\",\"target\":[\"https:\\\/\\\/optimitzat.com\\\/ca\\\/aconseguit-ser-mes-positiva-vital-curs-de-coaching-lideratge-personal\\\/\"]}]},{\"@type\":\"ImageObject\",\"inLanguage\":\"ca\",\"@id\":\"https:\\\/\\\/optimitzat.com\\\/ca\\\/aconseguit-ser-mes-positiva-vital-curs-de-coaching-lideratge-personal\\\/#primaryimage\",\"url\":\"https:\\\/\\\/optimitzat.com\\\/wp-content\\\/uploads\\\/2015\\\/08\\\/coach-imatge-web-mini.jpg\",\"contentUrl\":\"https:\\\/\\\/optimitzat.com\\\/wp-content\\\/uploads\\\/2015\\\/08\\\/coach-imatge-web-mini.jpg\",\"width\":800,\"height\":500},{\"@type\":\"BreadcrumbList\",\"@id\":\"https:\\\/\\\/optimitzat.com\\\/ca\\\/aconseguit-ser-mes-positiva-vital-curs-de-coaching-lideratge-personal\\\/#breadcrumb\",\"itemListElement\":[{\"@type\":\"ListItem\",\"position\":1,\"name\":\"Portada\",\"item\":\"https:\\\/\\\/optimitzat.com\\\/ca\\\/inici\\\/\"},{\"@type\":\"ListItem\",\"position\":2,\"name\":\"HE ACONSEGUIT SER M\u00c9S POSITIVA I VITAL (CURS DE COACHING I LIDERATGE PERSONAL)\"}]},{\"@type\":\"WebSite\",\"@id\":\"https:\\\/\\\/optimitzat.com\\\/ca\\\/#website\",\"url\":\"https:\\\/\\\/optimitzat.com\\\/ca\\\/\",\"name\":\"Optimitzat\",\"description\":\"Ventas, Liderazgo Equipos Alto rendimiento y Motivaci\u00f3n\",\"potentialAction\":[{\"@type\":\"SearchAction\",\"target\":{\"@type\":\"EntryPoint\",\"urlTemplate\":\"https:\\\/\\\/optimitzat.com\\\/ca\\\/?s={search_term_string}\"},\"query-input\":{\"@type\":\"PropertyValueSpecification\",\"valueRequired\":true,\"valueName\":\"search_term_string\"}}],\"inLanguage\":\"ca\"},{\"@type\":\"Person\",\"@id\":\"https:\\\/\\\/optimitzat.com\\\/ca\\\/#\\\/schema\\\/person\\\/c43559449b0dfdcb17aadc52be9f1e8c\",\"name\":\"Jordi Urgell\",\"image\":{\"@type\":\"ImageObject\",\"inLanguage\":\"ca\",\"@id\":\"https:\\\/\\\/secure.gravatar.com\\\/avatar\\\/235180933e34092574bdde878cc36458c3670d8c7ed561b740d85bab77d3f185?s=96&d=mm&r=g\",\"url\":\"https:\\\/\\\/secure.gravatar.com\\\/avatar\\\/235180933e34092574bdde878cc36458c3670d8c7ed561b740d85bab77d3f185?s=96&d=mm&r=g\",\"contentUrl\":\"https:\\\/\\\/secure.gravatar.com\\\/avatar\\\/235180933e34092574bdde878cc36458c3670d8c7ed561b740d85bab77d3f185?s=96&d=mm&r=g\",\"caption\":\"Jordi Urgell\"},\"description\":\"Ayudo empresas y personas a potenciar sus resultados con las 2 palancas m\u00e1s importantes: Ventas + Liderazgo (Equipos alto rendimiento motivados) C\u00f3mo:\u00a0 Con un Sistema probado basado en conocimientos + amplia experiencia\u00a0 (gran cantidad de casos de \u00e9xito y testimonios avalan). Soy Mentor&amp;coach profesional certificado por la International Coach Federation (ICF, n\u00ba de socio 20121083). Consultor y formador de alto impacto. Especialista en Ventas, Motivaci\u00f3n\u00a0 y Coaching&amp;Liderazgo Equipos de Alto Rendimiento (EAR)\"}]}<\/script>\n<!-- \/ Yoast SEO plugin. -->","yoast_head_json":{"title":"HE ACONSEGUIT SER M\u00c9S POSITIVA I VITAL (CURS DE COACHING I LIDERATGE PERSONAL) - Optimitzat","description":"ACONSEGUIR OBJECTIUS, COACHING PER L'\u00c8XIT, COACHING PER ACONSEGUIR RESULTATS","robots":{"index":"index","follow":"follow","max-snippet":"max-snippet:-1","max-image-preview":"max-image-preview:large","max-video-preview":"max-video-preview:-1"},"canonical":"https:\/\/optimitzat.com\/ca\/aconseguit-ser-mes-positiva-vital-curs-de-coaching-lideratge-personal\/","og_locale":"ca_ES","og_type":"article","og_title":"HE ACONSEGUIT SER M\u00c9S POSITIVA I VITAL (CURS DE COACHING I LIDERATGE PERSONAL) - Optimitzat","og_description":"ACONSEGUIR OBJECTIUS, COACHING PER L'\u00c8XIT, COACHING PER ACONSEGUIR RESULTATS","og_url":"https:\/\/optimitzat.com\/ca\/aconseguit-ser-mes-positiva-vital-curs-de-coaching-lideratge-personal\/","og_site_name":"Optimitzat","article_published_time":"2014-07-07T11:41:14+00:00","article_modified_time":"2016-04-21T16:35:17+00:00","og_image":[{"width":800,"height":500,"url":"https:\/\/optimitzat.com\/wp-content\/uploads\/2015\/08\/coach-imatge-web-mini.jpg","type":"image\/jpeg"}],"author":"Jordi Urgell","twitter_card":"summary_large_image","twitter_misc":{"Escrit per":"Jordi Urgell"},"schema":{"@context":"https:\/\/schema.org","@graph":[{"@type":"Article","@id":"https:\/\/optimitzat.com\/ca\/aconseguit-ser-mes-positiva-vital-curs-de-coaching-lideratge-personal\/#article","isPartOf":{"@id":"https:\/\/optimitzat.com\/ca\/aconseguit-ser-mes-positiva-vital-curs-de-coaching-lideratge-personal\/"},"author":{"name":"Jordi Urgell","@id":"https:\/\/optimitzat.com\/ca\/#\/schema\/person\/c43559449b0dfdcb17aadc52be9f1e8c"},"headline":"HE ACONSEGUIT SER M\u00c9S POSITIVA I VITAL (CURS DE COACHING I LIDERATGE PERSONAL)","datePublished":"2014-07-07T11:41:14+00:00","dateModified":"2016-04-21T16:35:17+00:00","mainEntityOfPage":{"@id":"https:\/\/optimitzat.com\/ca\/aconseguit-ser-mes-positiva-vital-curs-de-coaching-lideratge-personal\/"},"wordCount":82,"image":{"@id":"https:\/\/optimitzat.com\/ca\/aconseguit-ser-mes-positiva-vital-curs-de-coaching-lideratge-personal\/#primaryimage"},"thumbnailUrl":"https:\/\/optimitzat.com\/wp-content\/uploads\/2015\/08\/coach-imatge-web-mini.jpg","articleSection":["CLIENTS"],"inLanguage":"ca"},{"@type":"WebPage","@id":"https:\/\/optimitzat.com\/ca\/aconseguit-ser-mes-positiva-vital-curs-de-coaching-lideratge-personal\/","url":"https:\/\/optimitzat.com\/ca\/aconseguit-ser-mes-positiva-vital-curs-de-coaching-lideratge-personal\/","name":"HE ACONSEGUIT SER M\u00c9S POSITIVA I VITAL (CURS DE COACHING I LIDERATGE PERSONAL) - Optimitzat","isPartOf":{"@id":"https:\/\/optimitzat.com\/ca\/#website"},"primaryImageOfPage":{"@id":"https:\/\/optimitzat.com\/ca\/aconseguit-ser-mes-positiva-vital-curs-de-coaching-lideratge-personal\/#primaryimage"},"image":{"@id":"https:\/\/optimitzat.com\/ca\/aconseguit-ser-mes-positiva-vital-curs-de-coaching-lideratge-personal\/#primaryimage"},"thumbnailUrl":"https:\/\/optimitzat.com\/wp-content\/uploads\/2015\/08\/coach-imatge-web-mini.jpg","datePublished":"2014-07-07T11:41:14+00:00","dateModified":"2016-04-21T16:35:17+00:00","author":{"@id":"https:\/\/optimitzat.com\/ca\/#\/schema\/person\/c43559449b0dfdcb17aadc52be9f1e8c"},"description":"ACONSEGUIR OBJECTIUS, COACHING PER L'\u00c8XIT, COACHING PER ACONSEGUIR RESULTATS","breadcrumb":{"@id":"https:\/\/optimitzat.com\/ca\/aconseguit-ser-mes-positiva-vital-curs-de-coaching-lideratge-personal\/#breadcrumb"},"inLanguage":"ca","potentialAction":[{"@type":"ReadAction","target":["https:\/\/optimitzat.com\/ca\/aconseguit-ser-mes-positiva-vital-curs-de-coaching-lideratge-personal\/"]}]},{"@type":"ImageObject","inLanguage":"ca","@id":"https:\/\/optimitzat.com\/ca\/aconseguit-ser-mes-positiva-vital-curs-de-coaching-lideratge-personal\/#primaryimage","url":"https:\/\/optimitzat.com\/wp-content\/uploads\/2015\/08\/coach-imatge-web-mini.jpg","contentUrl":"https:\/\/optimitzat.com\/wp-content\/uploads\/2015\/08\/coach-imatge-web-mini.jpg","width":800,"height":500},{"@type":"BreadcrumbList","@id":"https:\/\/optimitzat.com\/ca\/aconseguit-ser-mes-positiva-vital-curs-de-coaching-lideratge-personal\/#breadcrumb","itemListElement":[{"@type":"ListItem","position":1,"name":"Portada","item":"https:\/\/optimitzat.com\/ca\/inici\/"},{"@type":"ListItem","position":2,"name":"HE ACONSEGUIT SER M\u00c9S POSITIVA I VITAL (CURS DE COACHING I LIDERATGE PERSONAL)"}]},{"@type":"WebSite","@id":"https:\/\/optimitzat.com\/ca\/#website","url":"https:\/\/optimitzat.com\/ca\/","name":"Optimitzat","description":"Ventas, Liderazgo Equipos Alto rendimiento y Motivaci\u00f3n","potentialAction":[{"@type":"SearchAction","target":{"@type":"EntryPoint","urlTemplate":"https:\/\/optimitzat.com\/ca\/?s={search_term_string}"},"query-input":{"@type":"PropertyValueSpecification","valueRequired":true,"valueName":"search_term_string"}}],"inLanguage":"ca"},{"@type":"Person","@id":"https:\/\/optimitzat.com\/ca\/#\/schema\/person\/c43559449b0dfdcb17aadc52be9f1e8c","name":"Jordi Urgell","image":{"@type":"ImageObject","inLanguage":"ca","@id":"https:\/\/secure.gravatar.com\/avatar\/235180933e34092574bdde878cc36458c3670d8c7ed561b740d85bab77d3f185?s=96&d=mm&r=g","url":"https:\/\/secure.gravatar.com\/avatar\/235180933e34092574bdde878cc36458c3670d8c7ed561b740d85bab77d3f185?s=96&d=mm&r=g","contentUrl":"https:\/\/secure.gravatar.com\/avatar\/235180933e34092574bdde878cc36458c3670d8c7ed561b740d85bab77d3f185?s=96&d=mm&r=g","caption":"Jordi Urgell"},"description":"Ayudo empresas y personas a potenciar sus resultados con las 2 palancas m\u00e1s importantes: Ventas + Liderazgo (Equipos alto rendimiento motivados) C\u00f3mo:\u00a0 Con un Sistema probado basado en conocimientos + amplia experiencia\u00a0 (gran cantidad de casos de \u00e9xito y testimonios avalan). Soy Mentor&amp;coach profesional certificado por la International Coach Federation (ICF, n\u00ba de socio 20121083). Consultor y formador de alto impacto. Especialista en Ventas, Motivaci\u00f3n\u00a0 y Coaching&amp;Liderazgo Equipos de Alto Rendimiento (EAR)"}]}},"_links":{"self":[{"href":"https:\/\/optimitzat.com\/ca\/wp-json\/wp\/v2\/posts\/1258","targetHints":{"allow":["GET"]}}],"collection":[{"href":"https:\/\/optimitzat.com\/ca\/wp-json\/wp\/v2\/posts"}],"about":[{"href":"https:\/\/optimitzat.com\/ca\/wp-json\/wp\/v2\/types\/post"}],"author":[{"embeddable":true,"href":"https:\/\/optimitzat.com\/ca\/wp-json\/wp\/v2\/users\/5"}],"replies":[{"embeddable":true,"href":"https:\/\/optimitzat.com\/ca\/wp-json\/wp\/v2\/comments?post=1258"}],"version-history":[{"count":2,"href":"https:\/\/optimitzat.com\/ca\/wp-json\/wp\/v2\/posts\/1258\/revisions"}],"predecessor-version":[{"id":4641,"href":"https:\/\/optimitzat.com\/ca\/wp-json\/wp\/v2\/posts\/1258\/revisions\/4641"}],"wp:featuredmedia":[{"embeddable":true,"href":"https:\/\/optimitzat.com\/ca\/wp-json\/wp\/v2\/media\/6339"}],"wp:attachment":[{"href":"https:\/\/optimitzat.com\/ca\/wp-json\/wp\/v2\/media?parent=1258"}],"wp:term":[{"taxonomy":"category","embeddable":true,"href":"https:\/\/optimitzat.com\/ca\/wp-json\/wp\/v2\/categories?post=1258"},{"taxonomy":"post_tag","embeddable":true,"href":"https:\/\/optimitzat.com\/ca\/wp-json\/wp\/v2\/tags?post=1258"}],"curies":[{"name":"wp","href":"https:\/\/api.w.org\/{rel}","templated":true}]}}