{"id":1248,"date":"2014-07-04T18:29:25","date_gmt":"2014-07-04T16:29:25","guid":{"rendered":"http:\/\/www.optimitzat.com\/?post_type=clientes&#038;p=1248"},"modified":"2016-04-21T16:37:34","modified_gmt":"2016-04-21T16:37:34","slug":"aconseguit-marcar-uns-objectius-concrets-apres-que-tot-es-possible-curs-de-coaching-lideratge-personal","status":"publish","type":"post","link":"https:\/\/optimitzat.com\/ca\/aconseguit-marcar-uns-objectius-concrets-apres-que-tot-es-possible-curs-de-coaching-lideratge-personal\/","title":{"rendered":"HE ACONSEGUIT MARCAR UNS OBJECTIUS CONCRETS I HE APR\u00c8S QUE TOT \u00c9S POSSIBLE (CURS DE COACHING I LIDERATGE PERSONAL)"},"content":{"rendered":"<p><span style=\"font-size: 12pt; color: #000000;\">&#8220;Antes de la formaci\u00f3n no sab\u00eda como afrontar, ahora veo que es posible. He conseguido marcarme unos objetivos concretos y he aprendido que todo es posible. Ahora me siento con ganas y m\u00e1s motivada porque es m\u00e1s f\u00e1cil de lo que parec\u00eda. S\u00e9 que mi vida cambiar\u00e1 porque conseguir\u00e9 mis objetivos propuestos. Jordi es un gran profesional que permite encontrar soluciones dentro tuyo&#8221;<\/span>.<\/p>\n","protected":false},"excerpt":{"rendered":"<p>&#8220;Antes de la formaci\u00f3n no sab\u00eda como afrontar, ahora veo que es posible. He conseguido marcarme unos objetivos concretos y he aprendido que todo es posible. Ahora me siento con [&hellip;]<\/p>\n","protected":false},"author":5,"featured_media":6339,"comment_status":"closed","ping_status":"closed","sticky":false,"template":"","format":"standard","meta":{"_acf_changed":false,"_et_pb_use_builder":"","_et_pb_old_content":"","_et_gb_content_width":"","footnotes":""},"categories":[186],"tags":[],"class_list":["post-1248","post","type-post","status-publish","format-standard","has-post-thumbnail","hentry","category-clients"],"acf":[],"yoast_head":"<!-- This site is optimized with the Yoast SEO plugin v27.3 - https:\/\/yoast.com\/product\/yoast-seo-wordpress\/ -->\n<title>HE ACONSEGUIT MARCAR UNS OBJECTIUS CONCRETS I HE APR\u00c8S QUE TOT \u00c9S POSSIBLE (CURS DE COACHING I LIDERATGE PERSONAL) - Optimitzat<\/title>\n<meta name=\"description\" content=\"ACONSEGUIR OBJECTIUS, COACHING PER L&#039;\u00c8XIT, COACHING PER ACONSEGUIR RESULTATS\" \/>\n<meta name=\"robots\" content=\"index, follow, max-snippet:-1, max-image-preview:large, max-video-preview:-1\" \/>\n<link rel=\"canonical\" href=\"https:\/\/optimitzat.com\/ca\/aconseguit-marcar-uns-objectius-concrets-apres-que-tot-es-possible-curs-de-coaching-lideratge-personal\/\" \/>\n<meta property=\"og:locale\" content=\"ca_ES\" \/>\n<meta property=\"og:type\" content=\"article\" \/>\n<meta property=\"og:title\" content=\"HE ACONSEGUIT MARCAR UNS OBJECTIUS CONCRETS I HE APR\u00c8S QUE TOT \u00c9S POSSIBLE (CURS DE COACHING I LIDERATGE PERSONAL) - Optimitzat\" \/>\n<meta property=\"og:description\" content=\"ACONSEGUIR OBJECTIUS, COACHING PER L&#039;\u00c8XIT, COACHING PER ACONSEGUIR RESULTATS\" \/>\n<meta property=\"og:url\" content=\"https:\/\/optimitzat.com\/ca\/aconseguit-marcar-uns-objectius-concrets-apres-que-tot-es-possible-curs-de-coaching-lideratge-personal\/\" \/>\n<meta property=\"og:site_name\" content=\"Optimitzat\" \/>\n<meta property=\"article:published_time\" content=\"2014-07-04T16:29:25+00:00\" \/>\n<meta property=\"article:modified_time\" content=\"2016-04-21T16:37:34+00:00\" \/>\n<meta property=\"og:image\" content=\"https:\/\/optimitzat.com\/wp-content\/uploads\/2015\/08\/coach-imatge-web-mini.jpg\" \/>\n\t<meta property=\"og:image:width\" content=\"800\" \/>\n\t<meta property=\"og:image:height\" content=\"500\" \/>\n\t<meta property=\"og:image:type\" content=\"image\/jpeg\" \/>\n<meta name=\"author\" content=\"Jordi Urgell\" \/>\n<meta name=\"twitter:card\" content=\"summary_large_image\" \/>\n<meta name=\"twitter:label1\" content=\"Escrit per\" \/>\n\t<meta name=\"twitter:data1\" content=\"Jordi Urgell\" \/>\n<script type=\"application\/ld+json\" class=\"yoast-schema-graph\">{\"@context\":\"https:\\\/\\\/schema.org\",\"@graph\":[{\"@type\":\"Article\",\"@id\":\"https:\\\/\\\/optimitzat.com\\\/ca\\\/aconseguit-marcar-uns-objectius-concrets-apres-que-tot-es-possible-curs-de-coaching-lideratge-personal\\\/#article\",\"isPartOf\":{\"@id\":\"https:\\\/\\\/optimitzat.com\\\/ca\\\/aconseguit-marcar-uns-objectius-concrets-apres-que-tot-es-possible-curs-de-coaching-lideratge-personal\\\/\"},\"author\":{\"name\":\"Jordi Urgell\",\"@id\":\"https:\\\/\\\/optimitzat.com\\\/ca\\\/#\\\/schema\\\/person\\\/c43559449b0dfdcb17aadc52be9f1e8c\"},\"headline\":\"HE ACONSEGUIT MARCAR UNS OBJECTIUS CONCRETS I HE APR\u00c8S QUE TOT \u00c9S POSSIBLE (CURS DE COACHING I LIDERATGE PERSONAL)\",\"datePublished\":\"2014-07-04T16:29:25+00:00\",\"dateModified\":\"2016-04-21T16:37:34+00:00\",\"mainEntityOfPage\":{\"@id\":\"https:\\\/\\\/optimitzat.com\\\/ca\\\/aconseguit-marcar-uns-objectius-concrets-apres-que-tot-es-possible-curs-de-coaching-lideratge-personal\\\/\"},\"wordCount\":89,\"image\":{\"@id\":\"https:\\\/\\\/optimitzat.com\\\/ca\\\/aconseguit-marcar-uns-objectius-concrets-apres-que-tot-es-possible-curs-de-coaching-lideratge-personal\\\/#primaryimage\"},\"thumbnailUrl\":\"https:\\\/\\\/optimitzat.com\\\/wp-content\\\/uploads\\\/2015\\\/08\\\/coach-imatge-web-mini.jpg\",\"articleSection\":[\"CLIENTS\"],\"inLanguage\":\"ca\"},{\"@type\":\"WebPage\",\"@id\":\"https:\\\/\\\/optimitzat.com\\\/ca\\\/aconseguit-marcar-uns-objectius-concrets-apres-que-tot-es-possible-curs-de-coaching-lideratge-personal\\\/\",\"url\":\"https:\\\/\\\/optimitzat.com\\\/ca\\\/aconseguit-marcar-uns-objectius-concrets-apres-que-tot-es-possible-curs-de-coaching-lideratge-personal\\\/\",\"name\":\"HE ACONSEGUIT MARCAR UNS OBJECTIUS CONCRETS I HE APR\u00c8S QUE TOT \u00c9S POSSIBLE (CURS DE COACHING I LIDERATGE PERSONAL) - Optimitzat\",\"isPartOf\":{\"@id\":\"https:\\\/\\\/optimitzat.com\\\/ca\\\/#website\"},\"primaryImageOfPage\":{\"@id\":\"https:\\\/\\\/optimitzat.com\\\/ca\\\/aconseguit-marcar-uns-objectius-concrets-apres-que-tot-es-possible-curs-de-coaching-lideratge-personal\\\/#primaryimage\"},\"image\":{\"@id\":\"https:\\\/\\\/optimitzat.com\\\/ca\\\/aconseguit-marcar-uns-objectius-concrets-apres-que-tot-es-possible-curs-de-coaching-lideratge-personal\\\/#primaryimage\"},\"thumbnailUrl\":\"https:\\\/\\\/optimitzat.com\\\/wp-content\\\/uploads\\\/2015\\\/08\\\/coach-imatge-web-mini.jpg\",\"datePublished\":\"2014-07-04T16:29:25+00:00\",\"dateModified\":\"2016-04-21T16:37:34+00:00\",\"author\":{\"@id\":\"https:\\\/\\\/optimitzat.com\\\/ca\\\/#\\\/schema\\\/person\\\/c43559449b0dfdcb17aadc52be9f1e8c\"},\"description\":\"ACONSEGUIR OBJECTIUS, COACHING PER L'\u00c8XIT, COACHING PER ACONSEGUIR RESULTATS\",\"breadcrumb\":{\"@id\":\"https:\\\/\\\/optimitzat.com\\\/ca\\\/aconseguit-marcar-uns-objectius-concrets-apres-que-tot-es-possible-curs-de-coaching-lideratge-personal\\\/#breadcrumb\"},\"inLanguage\":\"ca\",\"potentialAction\":[{\"@type\":\"ReadAction\",\"target\":[\"https:\\\/\\\/optimitzat.com\\\/ca\\\/aconseguit-marcar-uns-objectius-concrets-apres-que-tot-es-possible-curs-de-coaching-lideratge-personal\\\/\"]}]},{\"@type\":\"ImageObject\",\"inLanguage\":\"ca\",\"@id\":\"https:\\\/\\\/optimitzat.com\\\/ca\\\/aconseguit-marcar-uns-objectius-concrets-apres-que-tot-es-possible-curs-de-coaching-lideratge-personal\\\/#primaryimage\",\"url\":\"https:\\\/\\\/optimitzat.com\\\/wp-content\\\/uploads\\\/2015\\\/08\\\/coach-imatge-web-mini.jpg\",\"contentUrl\":\"https:\\\/\\\/optimitzat.com\\\/wp-content\\\/uploads\\\/2015\\\/08\\\/coach-imatge-web-mini.jpg\",\"width\":800,\"height\":500},{\"@type\":\"BreadcrumbList\",\"@id\":\"https:\\\/\\\/optimitzat.com\\\/ca\\\/aconseguit-marcar-uns-objectius-concrets-apres-que-tot-es-possible-curs-de-coaching-lideratge-personal\\\/#breadcrumb\",\"itemListElement\":[{\"@type\":\"ListItem\",\"position\":1,\"name\":\"Portada\",\"item\":\"https:\\\/\\\/optimitzat.com\\\/ca\\\/inici\\\/\"},{\"@type\":\"ListItem\",\"position\":2,\"name\":\"HE ACONSEGUIT MARCAR UNS OBJECTIUS CONCRETS I HE APR\u00c8S QUE TOT \u00c9S POSSIBLE (CURS DE COACHING I LIDERATGE PERSONAL)\"}]},{\"@type\":\"WebSite\",\"@id\":\"https:\\\/\\\/optimitzat.com\\\/ca\\\/#website\",\"url\":\"https:\\\/\\\/optimitzat.com\\\/ca\\\/\",\"name\":\"Optimitzat\",\"description\":\"Ventas, Liderazgo Equipos Alto rendimiento y Motivaci\u00f3n\",\"potentialAction\":[{\"@type\":\"SearchAction\",\"target\":{\"@type\":\"EntryPoint\",\"urlTemplate\":\"https:\\\/\\\/optimitzat.com\\\/ca\\\/?s={search_term_string}\"},\"query-input\":{\"@type\":\"PropertyValueSpecification\",\"valueRequired\":true,\"valueName\":\"search_term_string\"}}],\"inLanguage\":\"ca\"},{\"@type\":\"Person\",\"@id\":\"https:\\\/\\\/optimitzat.com\\\/ca\\\/#\\\/schema\\\/person\\\/c43559449b0dfdcb17aadc52be9f1e8c\",\"name\":\"Jordi Urgell\",\"image\":{\"@type\":\"ImageObject\",\"inLanguage\":\"ca\",\"@id\":\"https:\\\/\\\/secure.gravatar.com\\\/avatar\\\/235180933e34092574bdde878cc36458c3670d8c7ed561b740d85bab77d3f185?s=96&d=mm&r=g\",\"url\":\"https:\\\/\\\/secure.gravatar.com\\\/avatar\\\/235180933e34092574bdde878cc36458c3670d8c7ed561b740d85bab77d3f185?s=96&d=mm&r=g\",\"contentUrl\":\"https:\\\/\\\/secure.gravatar.com\\\/avatar\\\/235180933e34092574bdde878cc36458c3670d8c7ed561b740d85bab77d3f185?s=96&d=mm&r=g\",\"caption\":\"Jordi Urgell\"},\"description\":\"Ayudo empresas y personas a potenciar sus resultados con las 2 palancas m\u00e1s importantes: Ventas + Liderazgo (Equipos alto rendimiento motivados) C\u00f3mo:\u00a0 Con un Sistema probado basado en conocimientos + amplia experiencia\u00a0 (gran cantidad de casos de \u00e9xito y testimonios avalan). Soy Mentor&amp;coach profesional certificado por la International Coach Federation (ICF, n\u00ba de socio 20121083). Consultor y formador de alto impacto. Especialista en Ventas, Motivaci\u00f3n\u00a0 y Coaching&amp;Liderazgo Equipos de Alto Rendimiento (EAR)\"}]}<\/script>\n<!-- \/ Yoast SEO plugin. -->","yoast_head_json":{"title":"HE ACONSEGUIT MARCAR UNS OBJECTIUS CONCRETS I HE APR\u00c8S QUE TOT \u00c9S POSSIBLE (CURS DE COACHING I LIDERATGE PERSONAL) - Optimitzat","description":"ACONSEGUIR OBJECTIUS, COACHING PER L'\u00c8XIT, COACHING PER ACONSEGUIR RESULTATS","robots":{"index":"index","follow":"follow","max-snippet":"max-snippet:-1","max-image-preview":"max-image-preview:large","max-video-preview":"max-video-preview:-1"},"canonical":"https:\/\/optimitzat.com\/ca\/aconseguit-marcar-uns-objectius-concrets-apres-que-tot-es-possible-curs-de-coaching-lideratge-personal\/","og_locale":"ca_ES","og_type":"article","og_title":"HE ACONSEGUIT MARCAR UNS OBJECTIUS CONCRETS I HE APR\u00c8S QUE TOT \u00c9S POSSIBLE (CURS DE COACHING I LIDERATGE PERSONAL) - Optimitzat","og_description":"ACONSEGUIR OBJECTIUS, COACHING PER L'\u00c8XIT, COACHING PER ACONSEGUIR RESULTATS","og_url":"https:\/\/optimitzat.com\/ca\/aconseguit-marcar-uns-objectius-concrets-apres-que-tot-es-possible-curs-de-coaching-lideratge-personal\/","og_site_name":"Optimitzat","article_published_time":"2014-07-04T16:29:25+00:00","article_modified_time":"2016-04-21T16:37:34+00:00","og_image":[{"width":800,"height":500,"url":"https:\/\/optimitzat.com\/wp-content\/uploads\/2015\/08\/coach-imatge-web-mini.jpg","type":"image\/jpeg"}],"author":"Jordi Urgell","twitter_card":"summary_large_image","twitter_misc":{"Escrit per":"Jordi Urgell"},"schema":{"@context":"https:\/\/schema.org","@graph":[{"@type":"Article","@id":"https:\/\/optimitzat.com\/ca\/aconseguit-marcar-uns-objectius-concrets-apres-que-tot-es-possible-curs-de-coaching-lideratge-personal\/#article","isPartOf":{"@id":"https:\/\/optimitzat.com\/ca\/aconseguit-marcar-uns-objectius-concrets-apres-que-tot-es-possible-curs-de-coaching-lideratge-personal\/"},"author":{"name":"Jordi Urgell","@id":"https:\/\/optimitzat.com\/ca\/#\/schema\/person\/c43559449b0dfdcb17aadc52be9f1e8c"},"headline":"HE ACONSEGUIT MARCAR UNS OBJECTIUS CONCRETS I HE APR\u00c8S QUE TOT \u00c9S POSSIBLE (CURS DE COACHING I LIDERATGE PERSONAL)","datePublished":"2014-07-04T16:29:25+00:00","dateModified":"2016-04-21T16:37:34+00:00","mainEntityOfPage":{"@id":"https:\/\/optimitzat.com\/ca\/aconseguit-marcar-uns-objectius-concrets-apres-que-tot-es-possible-curs-de-coaching-lideratge-personal\/"},"wordCount":89,"image":{"@id":"https:\/\/optimitzat.com\/ca\/aconseguit-marcar-uns-objectius-concrets-apres-que-tot-es-possible-curs-de-coaching-lideratge-personal\/#primaryimage"},"thumbnailUrl":"https:\/\/optimitzat.com\/wp-content\/uploads\/2015\/08\/coach-imatge-web-mini.jpg","articleSection":["CLIENTS"],"inLanguage":"ca"},{"@type":"WebPage","@id":"https:\/\/optimitzat.com\/ca\/aconseguit-marcar-uns-objectius-concrets-apres-que-tot-es-possible-curs-de-coaching-lideratge-personal\/","url":"https:\/\/optimitzat.com\/ca\/aconseguit-marcar-uns-objectius-concrets-apres-que-tot-es-possible-curs-de-coaching-lideratge-personal\/","name":"HE ACONSEGUIT MARCAR UNS OBJECTIUS CONCRETS I HE APR\u00c8S QUE TOT \u00c9S POSSIBLE (CURS DE COACHING I LIDERATGE PERSONAL) - Optimitzat","isPartOf":{"@id":"https:\/\/optimitzat.com\/ca\/#website"},"primaryImageOfPage":{"@id":"https:\/\/optimitzat.com\/ca\/aconseguit-marcar-uns-objectius-concrets-apres-que-tot-es-possible-curs-de-coaching-lideratge-personal\/#primaryimage"},"image":{"@id":"https:\/\/optimitzat.com\/ca\/aconseguit-marcar-uns-objectius-concrets-apres-que-tot-es-possible-curs-de-coaching-lideratge-personal\/#primaryimage"},"thumbnailUrl":"https:\/\/optimitzat.com\/wp-content\/uploads\/2015\/08\/coach-imatge-web-mini.jpg","datePublished":"2014-07-04T16:29:25+00:00","dateModified":"2016-04-21T16:37:34+00:00","author":{"@id":"https:\/\/optimitzat.com\/ca\/#\/schema\/person\/c43559449b0dfdcb17aadc52be9f1e8c"},"description":"ACONSEGUIR OBJECTIUS, COACHING PER L'\u00c8XIT, COACHING PER ACONSEGUIR RESULTATS","breadcrumb":{"@id":"https:\/\/optimitzat.com\/ca\/aconseguit-marcar-uns-objectius-concrets-apres-que-tot-es-possible-curs-de-coaching-lideratge-personal\/#breadcrumb"},"inLanguage":"ca","potentialAction":[{"@type":"ReadAction","target":["https:\/\/optimitzat.com\/ca\/aconseguit-marcar-uns-objectius-concrets-apres-que-tot-es-possible-curs-de-coaching-lideratge-personal\/"]}]},{"@type":"ImageObject","inLanguage":"ca","@id":"https:\/\/optimitzat.com\/ca\/aconseguit-marcar-uns-objectius-concrets-apres-que-tot-es-possible-curs-de-coaching-lideratge-personal\/#primaryimage","url":"https:\/\/optimitzat.com\/wp-content\/uploads\/2015\/08\/coach-imatge-web-mini.jpg","contentUrl":"https:\/\/optimitzat.com\/wp-content\/uploads\/2015\/08\/coach-imatge-web-mini.jpg","width":800,"height":500},{"@type":"BreadcrumbList","@id":"https:\/\/optimitzat.com\/ca\/aconseguit-marcar-uns-objectius-concrets-apres-que-tot-es-possible-curs-de-coaching-lideratge-personal\/#breadcrumb","itemListElement":[{"@type":"ListItem","position":1,"name":"Portada","item":"https:\/\/optimitzat.com\/ca\/inici\/"},{"@type":"ListItem","position":2,"name":"HE ACONSEGUIT MARCAR UNS OBJECTIUS CONCRETS I HE APR\u00c8S QUE TOT \u00c9S POSSIBLE (CURS DE COACHING I LIDERATGE PERSONAL)"}]},{"@type":"WebSite","@id":"https:\/\/optimitzat.com\/ca\/#website","url":"https:\/\/optimitzat.com\/ca\/","name":"Optimitzat","description":"Ventas, Liderazgo Equipos Alto rendimiento y Motivaci\u00f3n","potentialAction":[{"@type":"SearchAction","target":{"@type":"EntryPoint","urlTemplate":"https:\/\/optimitzat.com\/ca\/?s={search_term_string}"},"query-input":{"@type":"PropertyValueSpecification","valueRequired":true,"valueName":"search_term_string"}}],"inLanguage":"ca"},{"@type":"Person","@id":"https:\/\/optimitzat.com\/ca\/#\/schema\/person\/c43559449b0dfdcb17aadc52be9f1e8c","name":"Jordi Urgell","image":{"@type":"ImageObject","inLanguage":"ca","@id":"https:\/\/secure.gravatar.com\/avatar\/235180933e34092574bdde878cc36458c3670d8c7ed561b740d85bab77d3f185?s=96&d=mm&r=g","url":"https:\/\/secure.gravatar.com\/avatar\/235180933e34092574bdde878cc36458c3670d8c7ed561b740d85bab77d3f185?s=96&d=mm&r=g","contentUrl":"https:\/\/secure.gravatar.com\/avatar\/235180933e34092574bdde878cc36458c3670d8c7ed561b740d85bab77d3f185?s=96&d=mm&r=g","caption":"Jordi Urgell"},"description":"Ayudo empresas y personas a potenciar sus resultados con las 2 palancas m\u00e1s importantes: Ventas + Liderazgo (Equipos alto rendimiento motivados) C\u00f3mo:\u00a0 Con un Sistema probado basado en conocimientos + amplia experiencia\u00a0 (gran cantidad de casos de \u00e9xito y testimonios avalan). Soy Mentor&amp;coach profesional certificado por la International Coach Federation (ICF, n\u00ba de socio 20121083). Consultor y formador de alto impacto. Especialista en Ventas, Motivaci\u00f3n\u00a0 y Coaching&amp;Liderazgo Equipos de Alto Rendimiento (EAR)"}]}},"_links":{"self":[{"href":"https:\/\/optimitzat.com\/ca\/wp-json\/wp\/v2\/posts\/1248","targetHints":{"allow":["GET"]}}],"collection":[{"href":"https:\/\/optimitzat.com\/ca\/wp-json\/wp\/v2\/posts"}],"about":[{"href":"https:\/\/optimitzat.com\/ca\/wp-json\/wp\/v2\/types\/post"}],"author":[{"embeddable":true,"href":"https:\/\/optimitzat.com\/ca\/wp-json\/wp\/v2\/users\/5"}],"replies":[{"embeddable":true,"href":"https:\/\/optimitzat.com\/ca\/wp-json\/wp\/v2\/comments?post=1248"}],"version-history":[{"count":1,"href":"https:\/\/optimitzat.com\/ca\/wp-json\/wp\/v2\/posts\/1248\/revisions"}],"predecessor-version":[{"id":4342,"href":"https:\/\/optimitzat.com\/ca\/wp-json\/wp\/v2\/posts\/1248\/revisions\/4342"}],"wp:featuredmedia":[{"embeddable":true,"href":"https:\/\/optimitzat.com\/ca\/wp-json\/wp\/v2\/media\/6339"}],"wp:attachment":[{"href":"https:\/\/optimitzat.com\/ca\/wp-json\/wp\/v2\/media?parent=1248"}],"wp:term":[{"taxonomy":"category","embeddable":true,"href":"https:\/\/optimitzat.com\/ca\/wp-json\/wp\/v2\/categories?post=1248"},{"taxonomy":"post_tag","embeddable":true,"href":"https:\/\/optimitzat.com\/ca\/wp-json\/wp\/v2\/tags?post=1248"}],"curies":[{"name":"wp","href":"https:\/\/api.w.org\/{rel}","templated":true}]}}