{"id":1223,"date":"2014-07-02T19:21:50","date_gmt":"2014-07-02T17:21:50","guid":{"rendered":"http:\/\/www.optimitzat.com\/?post_type=actualidad&#038;p=1223"},"modified":"2016-03-16T15:33:57","modified_gmt":"2016-03-16T15:33:57","slug":"curs-de-lideratge-gestio-dequips-motivacio","status":"publish","type":"post","link":"https:\/\/optimitzat.com\/ca\/curs-de-lideratge-gestio-dequips-motivacio\/","title":{"rendered":"CURS DE LIDERATGE, GESTI\u00d3 D\u00b4EQUIPS I MOTIVACI\u00d3"},"content":{"rendered":"<div id=\"gt-c\" class=\"g-section\">\n<div id=\"gt-form-c\">\n<form id=\"gt-form\" action=\"\/\" enctype=\"application\/x-www-form-urlencoded\" method=\"get\" name=\"text_form\">\n<div id=\"gt-text-all\">\n<div id=\"gt-main\">\n<div id=\"gt-text-c\">\n<div id=\"gt-text-top\">\n<div id=\"gt-res-c\" class=\"g-unit\">\n<div id=\"gt-res-p\">\n<div id=\"gt-res-data\">\n<div id=\"gt-res-wrap\">\n<div id=\"gt-res-content\" class=\"almost_half_cell\">\n<div dir=\"ltr\"><span lang=\"ca\" style=\"font-size: 12pt; color: #000000;\"><span lang=\"ca\" style=\"font-size: 12pt; color: #000000;\"><span class=\"hps\">Realitzat<\/span> <span class=\"hps\">curs<\/span> <span class=\"hps\">de Lideratge<\/span>, equips <span class=\"hps\">i<\/span> <span class=\"hps\">motivaci\u00f3<\/span> <span class=\"hps\">amb<\/span> <span class=\"hps\">un grup<\/span> <span class=\"hps\">de persones<\/span> <span class=\"hps\">molt<\/span> <span class=\"hps\">potents<\/span>.\u00a0<\/span><\/span><span style=\"font-size: 12pt; color: rgb(0, 0, 0);\"><span class=\"hps\">Grans<\/span> <span class=\"hps\">l\u00edders<\/span> <span class=\"hps\">gestionant<\/span> <span class=\"hps\">grans<\/span> <span class=\"hps\">equips<\/span>.<\/span><\/div>\n<div dir=\"ltr\"><\/div>\n<div dir=\"ltr\">\n<p><span style=\"font-size: 12pt; color: rgb(0, 0, 0);\"><span class=\"hps\">Aquests s\u00f3n<\/span> <span class=\"hps\">alguns dels seus<\/span> <span class=\"hps\">comentaris<\/span> <span class=\"hps\">despr\u00e9s d&#8217;acabar<\/span> <span class=\"hps\">el curs:<\/span><\/span><\/p>\n<p>&nbsp;<\/p>\n<p><span style=\"color: rgb(0, 0, 255); font-size: 12pt;\"><span class=\"hps atn\">&#8220;<\/span>Jordi ha <span class=\"hps\">estat implicat<\/span> <span class=\"hps\">i ha<\/span> <span class=\"hps\">aconseguit<\/span> <span class=\"hps\">amb<\/span> <span class=\"hps\">\u00e8xit<\/span> <span class=\"hps\">inculcar<\/span> <span class=\"hps\">la necessitat<\/span> <span class=\"hps\">de canviar el<\/span>&#8221; <span class=\"hps\">xip<\/span> <span class=\"hps\">&#8220;mitjan\u00e7ant<\/span> <span class=\"hps\">t\u00e8cniques<\/span> <span class=\"hps\">de motivaci\u00f3<\/span> <span class=\"hps\">als l\u00edders<\/span> <span class=\"hps\">que est\u00e0vem<\/span> <span class=\"hps\">a la classe,<\/span> <span class=\"hps\">transmetent<\/span> <span class=\"hps\">la seva magnitud<\/span> \u00a0<span class=\"hps\">per aconseguir una<\/span> <span class=\"hps\">millora<\/span> <span class=\"hps\">generalitzada<\/span> <span class=\"hps\">professional<\/span> <span class=\"hps\">per al l\u00edder<\/span> <span class=\"hps\">i els seus<\/span> <span class=\"hps\">col \u00b7 laboradors<\/span>&#8221; <span class=\"hps\">.<\/span> <\/span><\/p>\n<p><span style=\"font-size: 12pt; color: rgb(0, 0, 255);\"><span class=\"hps\">Eduard<\/span> <span class=\"hps\">Casadell<\/span><\/span><\/p>\n<p>&nbsp;<\/p>\n<p><span style=\"color: rgb(0, 0, 255); font-size: 12pt;\"><span class=\"hps\">&#8220;Despr\u00e9s de la<\/span> <span class=\"hps\">formaci\u00f3<\/span> <span class=\"hps\">he aconseguit<\/span> <span class=\"hps\">eines<\/span> <span class=\"hps\">per motivar<\/span>&#8220;<\/span><\/p>\n<p><span style=\"color: #0000ff; font-size: 12pt;\">Pere Garcia<\/span><\/p>\n<p>&nbsp;<\/p>\n<p><span style=\"color: rgb(0, 0, 255); font-size: 12pt;\"><span class=\"hps\">&#8220;Abans de la<\/span> <span class=\"hps\">formaci\u00f3<\/span> <span class=\"hps\">em<\/span> <span class=\"hps\">sentia<\/span> <span class=\"hps\">amb poques<\/span> <span class=\"hps\">eines<\/span>. <span class=\"hps\">Despr\u00e8s de la formaci\u00f3<\/span> <span class=\"hps\">de Lideratge<\/span> <span class=\"hps\">he aconseguit<\/span> <span class=\"hps\">entendre<\/span> <span class=\"hps\">millor<\/span> <span class=\"hps\">com<\/span> <span class=\"hps\">\u00e9s un<\/span> <span class=\"hps\">bon l\u00edder<\/span> <span class=\"hps\">i<\/span> <span class=\"hps\">he apr\u00e8s<\/span> <span class=\"hps\">eines<\/span> <span class=\"hps\">i<\/span> <span class=\"hps\">t\u00e8cniques<\/span>. <span class=\"hps\">Ara<\/span> <span class=\"hps\">em<\/span> <span class=\"hps\">sento<\/span> <span class=\"hps\">m\u00e9s<\/span> <span class=\"hps\">preparat<\/span> <span class=\"hps\">per liderar<\/span> <span class=\"hps\">perqu\u00e8<\/span> <span class=\"hps\">disposo<\/span> <span class=\"hps\">dels recursos<\/span> <span class=\"hps\">necessaris<\/span>. La m<span class=\"hps\">eva vida ha<\/span> <span class=\"hps\">canviat<\/span> <span class=\"hps\">positivament<\/span>. <\/span><br \/>\n<span style=\"color: rgb(0, 0, 255); font-size: 12pt;\"> <span class=\"hps\">Jordi<\/span> <span class=\"hps\">\u00e9s<\/span> <span class=\"hps\">un coach<\/span> <span class=\"hps\">que<\/span> <span class=\"hps\">permet<\/span> <span class=\"hps atn\">desenvolupar-se &#8220;<\/span>. <\/span><\/p>\n<p><span class=\"hps\" style=\"color: rgb(0, 0, 255); font-size: 12pt;\">Jaume Vidal<\/span><\/p>\n<\/div>\n<\/div>\n<div id=\"gt-edit\">\n<div id=\"gt-clear\" class=\"clear-button goog-toolbar-button\" data-tooltip=\"Borrar texto\" data-tooltip-align=\"t,c\"><span style=\"font-size: 12pt; color: rgb(0, 0, 255);\">\u00a0<\/span><\/div>\n<\/div>\n<div id=\"gt-res-tools\">\n<div id=\"gt-res-tools-l\">\n<div id=\"gt-pb-star\"><span style=\"color: rgb(0, 0, 255); font-size: 12pt;\">\u00a0<\/span><\/div>\n<div id=\"gt-res-select\" class=\"select-button goog-toolbar-button\" tabindex=\"0\" data-tooltip=\"Seleccionar todo\" data-tooltip-align=\"t,c\"><span style=\"color: rgb(0, 0, 255); font-size: 12pt;\">\u00a0<\/span><\/div>\n<\/div>\n<\/div>\n<\/div>\n<\/div>\n<\/div>\n<\/div>\n<\/div>\n<\/div>\n<\/div>\n<\/div>\n<\/form>\n<\/div>\n<\/div>\n","protected":false},"excerpt":{"rendered":"<p>Realitzat curs de Lideratge, equips i motivaci\u00f3 amb un grup de persones molt potents.\u00a0Grans l\u00edders gestionant grans equips. Aquests s\u00f3n alguns dels seus comentaris despr\u00e9s d&#8217;acabar el curs: &nbsp; &#8220;Jordi [&hellip;]<\/p>\n","protected":false},"author":5,"featured_media":1222,"comment_status":"closed","ping_status":"closed","sticky":false,"template":"","format":"standard","meta":{"_acf_changed":false,"_et_pb_use_builder":"","_et_pb_old_content":"","_et_gb_content_width":"","footnotes":""},"categories":[182],"tags":[],"class_list":["post-1223","post","type-post","status-publish","format-standard","has-post-thumbnail","hentry","category-noticies"],"acf":[],"yoast_head":"<!-- This site is optimized with the Yoast SEO plugin v27.5 - https:\/\/yoast.com\/product\/yoast-seo-wordpress\/ -->\n<title>CURS DE LIDERATGE, GESTI\u00d3 D\u00b4EQUIPS I MOTIVACI\u00d3 - Optimitzat<\/title>\n<meta name=\"description\" content=\"CURS DE LIDERATGE, GESTI\u00d3 D\u00b4EQUIPS I MOTIVACI\u00d3, COACHING, LIDERATGE EFECTIU\" \/>\n<meta name=\"robots\" content=\"index, follow, max-snippet:-1, max-image-preview:large, max-video-preview:-1\" \/>\n<link rel=\"canonical\" href=\"https:\/\/optimitzat.com\/ca\/curs-de-lideratge-gestio-dequips-motivacio\/\" \/>\n<meta property=\"og:locale\" content=\"ca_ES\" \/>\n<meta property=\"og:type\" content=\"article\" \/>\n<meta property=\"og:title\" content=\"CURS DE LIDERATGE, GESTI\u00d3 D\u00b4EQUIPS I MOTIVACI\u00d3 - Optimitzat\" \/>\n<meta property=\"og:description\" content=\"CURS DE LIDERATGE, GESTI\u00d3 D\u00b4EQUIPS I MOTIVACI\u00d3, COACHING, LIDERATGE EFECTIU\" \/>\n<meta property=\"og:url\" content=\"https:\/\/optimitzat.com\/ca\/curs-de-lideratge-gestio-dequips-motivacio\/\" \/>\n<meta property=\"og:site_name\" content=\"Optimitzat\" \/>\n<meta property=\"article:published_time\" content=\"2014-07-02T17:21:50+00:00\" \/>\n<meta property=\"article:modified_time\" content=\"2016-03-16T15:33:57+00:00\" \/>\n<meta property=\"og:image\" content=\"https:\/\/optimitzat.com\/wp-content\/uploads\/2014\/07\/LEDS-C4-petita1.jpg\" \/>\n\t<meta property=\"og:image:width\" content=\"275\" \/>\n\t<meta property=\"og:image:height\" content=\"200\" \/>\n\t<meta property=\"og:image:type\" content=\"image\/jpeg\" \/>\n<meta name=\"author\" content=\"Jordi Urgell\" \/>\n<meta name=\"twitter:card\" content=\"summary_large_image\" \/>\n<meta name=\"twitter:label1\" content=\"Escrit per\" \/>\n\t<meta name=\"twitter:data1\" content=\"Jordi Urgell\" \/>\n\t<meta name=\"twitter:label2\" content=\"Temps estimat de lectura\" \/>\n\t<meta name=\"twitter:data2\" content=\"1 minut\" \/>\n<script type=\"application\/ld+json\" class=\"yoast-schema-graph\">{\"@context\":\"https:\\\/\\\/schema.org\",\"@graph\":[{\"@type\":\"Article\",\"@id\":\"https:\\\/\\\/optimitzat.com\\\/ca\\\/curs-de-lideratge-gestio-dequips-motivacio\\\/#article\",\"isPartOf\":{\"@id\":\"https:\\\/\\\/optimitzat.com\\\/ca\\\/curs-de-lideratge-gestio-dequips-motivacio\\\/\"},\"author\":{\"name\":\"Jordi Urgell\",\"@id\":\"https:\\\/\\\/optimitzat.com\\\/ca\\\/#\\\/schema\\\/person\\\/c43559449b0dfdcb17aadc52be9f1e8c\"},\"headline\":\"CURS DE LIDERATGE, GESTI\u00d3 D\u00b4EQUIPS I MOTIVACI\u00d3\",\"datePublished\":\"2014-07-02T17:21:50+00:00\",\"dateModified\":\"2016-03-16T15:33:57+00:00\",\"mainEntityOfPage\":{\"@id\":\"https:\\\/\\\/optimitzat.com\\\/ca\\\/curs-de-lideratge-gestio-dequips-motivacio\\\/\"},\"wordCount\":170,\"image\":{\"@id\":\"https:\\\/\\\/optimitzat.com\\\/ca\\\/curs-de-lideratge-gestio-dequips-motivacio\\\/#primaryimage\"},\"thumbnailUrl\":\"https:\\\/\\\/optimitzat.com\\\/wp-content\\\/uploads\\\/2014\\\/07\\\/LEDS-C4-petita1.jpg\",\"articleSection\":[\"NOT\u00cdCIES\"],\"inLanguage\":\"ca\"},{\"@type\":\"WebPage\",\"@id\":\"https:\\\/\\\/optimitzat.com\\\/ca\\\/curs-de-lideratge-gestio-dequips-motivacio\\\/\",\"url\":\"https:\\\/\\\/optimitzat.com\\\/ca\\\/curs-de-lideratge-gestio-dequips-motivacio\\\/\",\"name\":\"CURS DE LIDERATGE, GESTI\u00d3 D\u00b4EQUIPS I MOTIVACI\u00d3 - Optimitzat\",\"isPartOf\":{\"@id\":\"https:\\\/\\\/optimitzat.com\\\/ca\\\/#website\"},\"primaryImageOfPage\":{\"@id\":\"https:\\\/\\\/optimitzat.com\\\/ca\\\/curs-de-lideratge-gestio-dequips-motivacio\\\/#primaryimage\"},\"image\":{\"@id\":\"https:\\\/\\\/optimitzat.com\\\/ca\\\/curs-de-lideratge-gestio-dequips-motivacio\\\/#primaryimage\"},\"thumbnailUrl\":\"https:\\\/\\\/optimitzat.com\\\/wp-content\\\/uploads\\\/2014\\\/07\\\/LEDS-C4-petita1.jpg\",\"datePublished\":\"2014-07-02T17:21:50+00:00\",\"dateModified\":\"2016-03-16T15:33:57+00:00\",\"author\":{\"@id\":\"https:\\\/\\\/optimitzat.com\\\/ca\\\/#\\\/schema\\\/person\\\/c43559449b0dfdcb17aadc52be9f1e8c\"},\"description\":\"CURS DE LIDERATGE, GESTI\u00d3 D\u00b4EQUIPS I MOTIVACI\u00d3, COACHING, LIDERATGE EFECTIU\",\"breadcrumb\":{\"@id\":\"https:\\\/\\\/optimitzat.com\\\/ca\\\/curs-de-lideratge-gestio-dequips-motivacio\\\/#breadcrumb\"},\"inLanguage\":\"ca\",\"potentialAction\":[{\"@type\":\"ReadAction\",\"target\":[\"https:\\\/\\\/optimitzat.com\\\/ca\\\/curs-de-lideratge-gestio-dequips-motivacio\\\/\"]}]},{\"@type\":\"ImageObject\",\"inLanguage\":\"ca\",\"@id\":\"https:\\\/\\\/optimitzat.com\\\/ca\\\/curs-de-lideratge-gestio-dequips-motivacio\\\/#primaryimage\",\"url\":\"https:\\\/\\\/optimitzat.com\\\/wp-content\\\/uploads\\\/2014\\\/07\\\/LEDS-C4-petita1.jpg\",\"contentUrl\":\"https:\\\/\\\/optimitzat.com\\\/wp-content\\\/uploads\\\/2014\\\/07\\\/LEDS-C4-petita1.jpg\",\"width\":275,\"height\":200,\"caption\":\"coaching para el \u00e9xito\"},{\"@type\":\"BreadcrumbList\",\"@id\":\"https:\\\/\\\/optimitzat.com\\\/ca\\\/curs-de-lideratge-gestio-dequips-motivacio\\\/#breadcrumb\",\"itemListElement\":[{\"@type\":\"ListItem\",\"position\":1,\"name\":\"Portada\",\"item\":\"https:\\\/\\\/optimitzat.com\\\/ca\\\/inici\\\/\"},{\"@type\":\"ListItem\",\"position\":2,\"name\":\"CURS DE LIDERATGE, GESTI\u00d3 D\u00b4EQUIPS I MOTIVACI\u00d3\"}]},{\"@type\":\"WebSite\",\"@id\":\"https:\\\/\\\/optimitzat.com\\\/ca\\\/#website\",\"url\":\"https:\\\/\\\/optimitzat.com\\\/ca\\\/\",\"name\":\"Optimitzat\",\"description\":\"Ventas, Liderazgo Equipos Alto rendimiento y Motivaci\u00f3n\",\"potentialAction\":[{\"@type\":\"SearchAction\",\"target\":{\"@type\":\"EntryPoint\",\"urlTemplate\":\"https:\\\/\\\/optimitzat.com\\\/ca\\\/?s={search_term_string}\"},\"query-input\":{\"@type\":\"PropertyValueSpecification\",\"valueRequired\":true,\"valueName\":\"search_term_string\"}}],\"inLanguage\":\"ca\"},{\"@type\":\"Person\",\"@id\":\"https:\\\/\\\/optimitzat.com\\\/ca\\\/#\\\/schema\\\/person\\\/c43559449b0dfdcb17aadc52be9f1e8c\",\"name\":\"Jordi Urgell\",\"image\":{\"@type\":\"ImageObject\",\"inLanguage\":\"ca\",\"@id\":\"https:\\\/\\\/secure.gravatar.com\\\/avatar\\\/235180933e34092574bdde878cc36458c3670d8c7ed561b740d85bab77d3f185?s=96&d=mm&r=g\",\"url\":\"https:\\\/\\\/secure.gravatar.com\\\/avatar\\\/235180933e34092574bdde878cc36458c3670d8c7ed561b740d85bab77d3f185?s=96&d=mm&r=g\",\"contentUrl\":\"https:\\\/\\\/secure.gravatar.com\\\/avatar\\\/235180933e34092574bdde878cc36458c3670d8c7ed561b740d85bab77d3f185?s=96&d=mm&r=g\",\"caption\":\"Jordi Urgell\"},\"description\":\"Ayudo empresas y personas a potenciar sus resultados con las 2 palancas m\u00e1s importantes: Ventas + Liderazgo (Equipos alto rendimiento motivados) C\u00f3mo:\u00a0 Con un Sistema probado basado en conocimientos + amplia experiencia\u00a0 (gran cantidad de casos de \u00e9xito y testimonios avalan). Soy Mentor&amp;coach profesional certificado por la International Coach Federation (ICF, n\u00ba de socio 20121083). Consultor y formador de alto impacto. Especialista en Ventas, Motivaci\u00f3n\u00a0 y Coaching&amp;Liderazgo Equipos de Alto Rendimiento (EAR)\"}]}<\/script>\n<!-- \/ Yoast SEO plugin. -->","yoast_head_json":{"title":"CURS DE LIDERATGE, GESTI\u00d3 D\u00b4EQUIPS I MOTIVACI\u00d3 - Optimitzat","description":"CURS DE LIDERATGE, GESTI\u00d3 D\u00b4EQUIPS I MOTIVACI\u00d3, COACHING, LIDERATGE EFECTIU","robots":{"index":"index","follow":"follow","max-snippet":"max-snippet:-1","max-image-preview":"max-image-preview:large","max-video-preview":"max-video-preview:-1"},"canonical":"https:\/\/optimitzat.com\/ca\/curs-de-lideratge-gestio-dequips-motivacio\/","og_locale":"ca_ES","og_type":"article","og_title":"CURS DE LIDERATGE, GESTI\u00d3 D\u00b4EQUIPS I MOTIVACI\u00d3 - Optimitzat","og_description":"CURS DE LIDERATGE, GESTI\u00d3 D\u00b4EQUIPS I MOTIVACI\u00d3, COACHING, LIDERATGE EFECTIU","og_url":"https:\/\/optimitzat.com\/ca\/curs-de-lideratge-gestio-dequips-motivacio\/","og_site_name":"Optimitzat","article_published_time":"2014-07-02T17:21:50+00:00","article_modified_time":"2016-03-16T15:33:57+00:00","og_image":[{"width":275,"height":200,"url":"https:\/\/optimitzat.com\/wp-content\/uploads\/2014\/07\/LEDS-C4-petita1.jpg","type":"image\/jpeg"}],"author":"Jordi Urgell","twitter_card":"summary_large_image","twitter_misc":{"Escrit per":"Jordi Urgell","Temps estimat de lectura":"1 minut"},"schema":{"@context":"https:\/\/schema.org","@graph":[{"@type":"Article","@id":"https:\/\/optimitzat.com\/ca\/curs-de-lideratge-gestio-dequips-motivacio\/#article","isPartOf":{"@id":"https:\/\/optimitzat.com\/ca\/curs-de-lideratge-gestio-dequips-motivacio\/"},"author":{"name":"Jordi Urgell","@id":"https:\/\/optimitzat.com\/ca\/#\/schema\/person\/c43559449b0dfdcb17aadc52be9f1e8c"},"headline":"CURS DE LIDERATGE, GESTI\u00d3 D\u00b4EQUIPS I MOTIVACI\u00d3","datePublished":"2014-07-02T17:21:50+00:00","dateModified":"2016-03-16T15:33:57+00:00","mainEntityOfPage":{"@id":"https:\/\/optimitzat.com\/ca\/curs-de-lideratge-gestio-dequips-motivacio\/"},"wordCount":170,"image":{"@id":"https:\/\/optimitzat.com\/ca\/curs-de-lideratge-gestio-dequips-motivacio\/#primaryimage"},"thumbnailUrl":"https:\/\/optimitzat.com\/wp-content\/uploads\/2014\/07\/LEDS-C4-petita1.jpg","articleSection":["NOT\u00cdCIES"],"inLanguage":"ca"},{"@type":"WebPage","@id":"https:\/\/optimitzat.com\/ca\/curs-de-lideratge-gestio-dequips-motivacio\/","url":"https:\/\/optimitzat.com\/ca\/curs-de-lideratge-gestio-dequips-motivacio\/","name":"CURS DE LIDERATGE, GESTI\u00d3 D\u00b4EQUIPS I MOTIVACI\u00d3 - Optimitzat","isPartOf":{"@id":"https:\/\/optimitzat.com\/ca\/#website"},"primaryImageOfPage":{"@id":"https:\/\/optimitzat.com\/ca\/curs-de-lideratge-gestio-dequips-motivacio\/#primaryimage"},"image":{"@id":"https:\/\/optimitzat.com\/ca\/curs-de-lideratge-gestio-dequips-motivacio\/#primaryimage"},"thumbnailUrl":"https:\/\/optimitzat.com\/wp-content\/uploads\/2014\/07\/LEDS-C4-petita1.jpg","datePublished":"2014-07-02T17:21:50+00:00","dateModified":"2016-03-16T15:33:57+00:00","author":{"@id":"https:\/\/optimitzat.com\/ca\/#\/schema\/person\/c43559449b0dfdcb17aadc52be9f1e8c"},"description":"CURS DE LIDERATGE, GESTI\u00d3 D\u00b4EQUIPS I MOTIVACI\u00d3, COACHING, LIDERATGE EFECTIU","breadcrumb":{"@id":"https:\/\/optimitzat.com\/ca\/curs-de-lideratge-gestio-dequips-motivacio\/#breadcrumb"},"inLanguage":"ca","potentialAction":[{"@type":"ReadAction","target":["https:\/\/optimitzat.com\/ca\/curs-de-lideratge-gestio-dequips-motivacio\/"]}]},{"@type":"ImageObject","inLanguage":"ca","@id":"https:\/\/optimitzat.com\/ca\/curs-de-lideratge-gestio-dequips-motivacio\/#primaryimage","url":"https:\/\/optimitzat.com\/wp-content\/uploads\/2014\/07\/LEDS-C4-petita1.jpg","contentUrl":"https:\/\/optimitzat.com\/wp-content\/uploads\/2014\/07\/LEDS-C4-petita1.jpg","width":275,"height":200,"caption":"coaching para el \u00e9xito"},{"@type":"BreadcrumbList","@id":"https:\/\/optimitzat.com\/ca\/curs-de-lideratge-gestio-dequips-motivacio\/#breadcrumb","itemListElement":[{"@type":"ListItem","position":1,"name":"Portada","item":"https:\/\/optimitzat.com\/ca\/inici\/"},{"@type":"ListItem","position":2,"name":"CURS DE LIDERATGE, GESTI\u00d3 D\u00b4EQUIPS I MOTIVACI\u00d3"}]},{"@type":"WebSite","@id":"https:\/\/optimitzat.com\/ca\/#website","url":"https:\/\/optimitzat.com\/ca\/","name":"Optimitzat","description":"Ventas, Liderazgo Equipos Alto rendimiento y Motivaci\u00f3n","potentialAction":[{"@type":"SearchAction","target":{"@type":"EntryPoint","urlTemplate":"https:\/\/optimitzat.com\/ca\/?s={search_term_string}"},"query-input":{"@type":"PropertyValueSpecification","valueRequired":true,"valueName":"search_term_string"}}],"inLanguage":"ca"},{"@type":"Person","@id":"https:\/\/optimitzat.com\/ca\/#\/schema\/person\/c43559449b0dfdcb17aadc52be9f1e8c","name":"Jordi Urgell","image":{"@type":"ImageObject","inLanguage":"ca","@id":"https:\/\/secure.gravatar.com\/avatar\/235180933e34092574bdde878cc36458c3670d8c7ed561b740d85bab77d3f185?s=96&d=mm&r=g","url":"https:\/\/secure.gravatar.com\/avatar\/235180933e34092574bdde878cc36458c3670d8c7ed561b740d85bab77d3f185?s=96&d=mm&r=g","contentUrl":"https:\/\/secure.gravatar.com\/avatar\/235180933e34092574bdde878cc36458c3670d8c7ed561b740d85bab77d3f185?s=96&d=mm&r=g","caption":"Jordi Urgell"},"description":"Ayudo empresas y personas a potenciar sus resultados con las 2 palancas m\u00e1s importantes: Ventas + Liderazgo (Equipos alto rendimiento motivados) C\u00f3mo:\u00a0 Con un Sistema probado basado en conocimientos + amplia experiencia\u00a0 (gran cantidad de casos de \u00e9xito y testimonios avalan). Soy Mentor&amp;coach profesional certificado por la International Coach Federation (ICF, n\u00ba de socio 20121083). Consultor y formador de alto impacto. Especialista en Ventas, Motivaci\u00f3n\u00a0 y Coaching&amp;Liderazgo Equipos de Alto Rendimiento (EAR)"}]}},"_links":{"self":[{"href":"https:\/\/optimitzat.com\/ca\/wp-json\/wp\/v2\/posts\/1223","targetHints":{"allow":["GET"]}}],"collection":[{"href":"https:\/\/optimitzat.com\/ca\/wp-json\/wp\/v2\/posts"}],"about":[{"href":"https:\/\/optimitzat.com\/ca\/wp-json\/wp\/v2\/types\/post"}],"author":[{"embeddable":true,"href":"https:\/\/optimitzat.com\/ca\/wp-json\/wp\/v2\/users\/5"}],"replies":[{"embeddable":true,"href":"https:\/\/optimitzat.com\/ca\/wp-json\/wp\/v2\/comments?post=1223"}],"version-history":[{"count":1,"href":"https:\/\/optimitzat.com\/ca\/wp-json\/wp\/v2\/posts\/1223\/revisions"}],"predecessor-version":[{"id":3903,"href":"https:\/\/optimitzat.com\/ca\/wp-json\/wp\/v2\/posts\/1223\/revisions\/3903"}],"wp:featuredmedia":[{"embeddable":true,"href":"https:\/\/optimitzat.com\/ca\/wp-json\/wp\/v2\/media\/1222"}],"wp:attachment":[{"href":"https:\/\/optimitzat.com\/ca\/wp-json\/wp\/v2\/media?parent=1223"}],"wp:term":[{"taxonomy":"category","embeddable":true,"href":"https:\/\/optimitzat.com\/ca\/wp-json\/wp\/v2\/categories?post=1223"},{"taxonomy":"post_tag","embeddable":true,"href":"https:\/\/optimitzat.com\/ca\/wp-json\/wp\/v2\/tags?post=1223"}],"curies":[{"name":"wp","href":"https:\/\/api.w.org\/{rel}","templated":true}]}}