{"id":1004,"date":"2014-04-04T20:45:38","date_gmt":"2014-04-04T18:45:38","guid":{"rendered":"http:\/\/www.optimitzat.com\/?post_type=actualidad&#038;p=1004"},"modified":"2016-03-16T15:33:58","modified_gmt":"2016-03-16T15:33:58","slug":"curs-de-coaching-lideratge-personal-lleida-marc-abril-2-014","status":"publish","type":"post","link":"https:\/\/optimitzat.com\/ca\/curs-de-coaching-lideratge-personal-lleida-marc-abril-2-014\/","title":{"rendered":"CURS DE COACHING I LIDERATGE PERSONAL  (LLEIDA, MAR\u00c7 &#8211; ABRIL 2.014)"},"content":{"rendered":"<p><span style=\"font-size: large; color: #000000;\">Finalitzat amb \u00e8xit\u00a0CURS DE COACHING I LIDERATGE PERSONAL. \u00a0Gr\u00e0cies als assistents per la vostra participaci\u00f3 i ganes d\u00b4aprendre.<\/span><\/p>\n<p>&nbsp;<\/p>\n<p><span style=\"text-decoration: underline; color: #000000;\"><span style=\"font-size: large;\">Aquests s\u00f3n alguns testimonis:<\/span><\/span><\/p>\n<p><span style=\"font-size: large; color: #000000;\">M\u00d2NICA QUERALT \u00a0 \u00a0 \u00a0&#8220;HE APR\u00c9S A ESCOLTAR-ME I A ESCOLTAR ALS ALTRES&#8221;<\/span><\/p>\n<p><span style=\"color: #3366ff;\"><em><span style=\"font-size: large;\">&#8220;Amb la formaci\u00f3 he aconseguit ser m\u00e9s feli\u00e7, i he apr\u00e9s a escoltar-me i escoltar de veritat els altres. La meva vida ha canviat a millor.<\/span><\/em><\/span><\/p>\n<p><span style=\"color: #3366ff;\"><em><span style=\"font-size: large;\">El Jordi \u00e9s un bon\u00edssim COACH que permet cr\u00e9ixer als dem\u00e9s&#8221;.<\/span><\/em><\/span><\/p>\n<p>&nbsp;<\/p>\n<p><span style=\"font-size: large; color: #000000;\">JOSEP VIANYA \u00a0 &#8220;ARA EM CONEC M\u00c9S I MILLOR&#8221;<\/span><\/p>\n<p><span style=\"color: #3366ff;\"><em><span style=\"font-size: large;\">&#8220;Amb la formaci\u00f3 de COACHING he aconseguit con\u00e9ixer-me m\u00e9s i millor, i he apr\u00e9s a escoltar de veritat. \u00a0Ara em sento b\u00e9 amb mi mateix perqu\u00e8 he crescut i millorat. La meva vida ha canviat positivament.<\/span><\/em><\/span><\/p>\n<p><span style=\"color: #3366ff;\"><em><span style=\"font-size: large;\">Jordi \u00e9s un professional que permet treure coses bones d\u00b4un mateix&#8221;.<\/span><\/em><\/span><\/p>\n<p>&nbsp;<\/p>\n<p><span style=\"font-size: large; color: #000000;\">YUSELLI VIVIANA \u00a0 \u00a0 \u00a0&#8220;S\u00d3C M\u00c9S POSITIVA&#8221; \u00a0<\/span><\/p>\n<p><em><span style=\"font-size: large; color: #3366ff;\">&#8220;Abans de con\u00e8ixer a Jordi em sentia amb moltes dubtes. Un cop acabada la formaci\u00f3 he trobat respostes, he aconseguit organitzar-me millor la meva vida i he apr\u00e9s a gestionar-me. \u00a0Ara em sento m\u00e9s positiva perqu\u00e8 tinc els coneixements que necessitava. La meva vida ha canviat en positiu aprenent moltes coses que ignorava.<\/span><\/em><\/p>\n<p><em><span style=\"font-size: large; color: #3366ff;\">Jordi \u00e9s simp\u00e0tic, amable i sincer, que permet cr\u00e9ixer i desenvolupar-te&#8221;.<\/span><\/em><\/p>\n<p>&nbsp;<\/p>\n<p><span style=\"font-size: large; color: #000000;\">BIENVENIDA VILLAFRANCA GONZ\u00c0LEZ \u00a0 \u00a0 &#8220;HE MILLORAT MOLT&#8221;<\/span><\/p>\n<p><span style=\"color: #3366ff;\"><em><span style=\"font-size: large;\">&#8220;Un cop realitzada la formaci\u00f3 em sento millor amb mi mateixa, he aconseguit con\u00e8ixer-me m\u00e9s i he apr\u00e9s a saber-me escoltar i escoltar als altres. Em sento satisfeta perqu\u00e8 m\u00b4ha ajudat a millorar. La meva vida ha canviat positivament.<\/span><\/em><\/span><\/p>\n<p><span style=\"font-size: large; color: #000000;\"><span style=\"color: #3366ff;\"><em>Jordi \u00e9s una persona que permet expressar-te lliurement i cr\u00e9ixer&#8221;<\/em><\/span>.<\/span><\/p>\n<p>&nbsp;<\/p>\n<p><span style=\"font-size: large; color: #000000;\">MARTA SOLANS \u00a0 \u00a0 \u00a0 \u00a0 &#8220;EM SENTO M\u00c9S MOTIVADA&#8221;<\/span><\/p>\n<p><span style=\"color: #3366ff;\"><em><span style=\"font-size: large;\">&#8220;Abans de con\u00e8ixer al Jordi em sentia preocupada. Despr\u00e8s de la formaci\u00f3 em sento m\u00e9s motivada, he aconseguit comen\u00e7ar el cam\u00ed i he apr\u00e9s a organitzar la meva vida. \u00a0Ara em sento amb moltes forces&#8221;.<\/span><\/em><\/span><\/p>\n<p>&nbsp;<\/p>\n<p>&nbsp;<\/p>\n","protected":false},"excerpt":{"rendered":"<p>Finalitzat amb \u00e8xit\u00a0CURS DE COACHING I LIDERATGE PERSONAL. \u00a0Gr\u00e0cies als assistents per la vostra participaci\u00f3 i ganes d\u00b4aprendre. &nbsp; Aquests s\u00f3n alguns testimonis: M\u00d2NICA QUERALT \u00a0 \u00a0 \u00a0&#8220;HE APR\u00c9S A [&hellip;]<\/p>\n","protected":false},"author":5,"featured_media":1006,"comment_status":"closed","ping_status":"closed","sticky":false,"template":"","format":"standard","meta":{"_acf_changed":false,"_et_pb_use_builder":"","_et_pb_old_content":"","_et_gb_content_width":"","footnotes":""},"categories":[182],"tags":[],"class_list":["post-1004","post","type-post","status-publish","format-standard","has-post-thumbnail","hentry","category-noticies"],"acf":[],"yoast_head":"<!-- This site is optimized with the Yoast SEO plugin v27.5 - https:\/\/yoast.com\/product\/yoast-seo-wordpress\/ -->\n<title>CURS DE COACHING I LIDERATGE PERSONAL (LLEIDA, MAR\u00c7 - ABRIL 2.014) - Optimitzat<\/title>\n<meta name=\"description\" content=\"CURS DE COACHING I LIDERATGE PERSONAL PER CR\u00c9IXER I TENIR \u00c8XIT EN LA VIDA\" \/>\n<meta name=\"robots\" content=\"index, follow, max-snippet:-1, max-image-preview:large, max-video-preview:-1\" \/>\n<link rel=\"canonical\" href=\"https:\/\/optimitzat.com\/ca\/curs-de-coaching-lideratge-personal-lleida-marc-abril-2-014\/\" \/>\n<meta property=\"og:locale\" content=\"ca_ES\" \/>\n<meta property=\"og:type\" content=\"article\" \/>\n<meta property=\"og:title\" content=\"CURS DE COACHING I LIDERATGE PERSONAL (LLEIDA, MAR\u00c7 - ABRIL 2.014) - Optimitzat\" \/>\n<meta property=\"og:description\" content=\"CURS DE COACHING I LIDERATGE PERSONAL PER CR\u00c9IXER I TENIR \u00c8XIT EN LA VIDA\" \/>\n<meta property=\"og:url\" content=\"https:\/\/optimitzat.com\/ca\/curs-de-coaching-lideratge-personal-lleida-marc-abril-2-014\/\" \/>\n<meta property=\"og:site_name\" content=\"Optimitzat\" \/>\n<meta property=\"article:published_time\" content=\"2014-04-04T18:45:38+00:00\" \/>\n<meta property=\"article:modified_time\" content=\"2016-03-16T15:33:58+00:00\" \/>\n<meta property=\"og:image\" content=\"https:\/\/optimitzat.com\/wp-content\/uploads\/2014\/04\/DSC01543.jpg\" \/>\n\t<meta property=\"og:image:width\" content=\"200\" \/>\n\t<meta property=\"og:image:height\" content=\"161\" \/>\n\t<meta property=\"og:image:type\" content=\"image\/jpeg\" \/>\n<meta name=\"author\" content=\"Jordi Urgell\" \/>\n<meta name=\"twitter:card\" content=\"summary_large_image\" \/>\n<meta name=\"twitter:label1\" content=\"Escrit per\" \/>\n\t<meta name=\"twitter:data1\" content=\"Jordi Urgell\" \/>\n\t<meta name=\"twitter:label2\" content=\"Temps estimat de lectura\" \/>\n\t<meta name=\"twitter:data2\" content=\"2 minuts\" \/>\n<script type=\"application\/ld+json\" class=\"yoast-schema-graph\">{\"@context\":\"https:\\\/\\\/schema.org\",\"@graph\":[{\"@type\":\"Article\",\"@id\":\"https:\\\/\\\/optimitzat.com\\\/ca\\\/curs-de-coaching-lideratge-personal-lleida-marc-abril-2-014\\\/#article\",\"isPartOf\":{\"@id\":\"https:\\\/\\\/optimitzat.com\\\/ca\\\/curs-de-coaching-lideratge-personal-lleida-marc-abril-2-014\\\/\"},\"author\":{\"name\":\"Jordi Urgell\",\"@id\":\"https:\\\/\\\/optimitzat.com\\\/ca\\\/#\\\/schema\\\/person\\\/c43559449b0dfdcb17aadc52be9f1e8c\"},\"headline\":\"CURS DE COACHING I LIDERATGE PERSONAL (LLEIDA, MAR\u00c7 &#8211; ABRIL 2.014)\",\"datePublished\":\"2014-04-04T18:45:38+00:00\",\"dateModified\":\"2016-03-16T15:33:58+00:00\",\"mainEntityOfPage\":{\"@id\":\"https:\\\/\\\/optimitzat.com\\\/ca\\\/curs-de-coaching-lideratge-personal-lleida-marc-abril-2-014\\\/\"},\"wordCount\":342,\"image\":{\"@id\":\"https:\\\/\\\/optimitzat.com\\\/ca\\\/curs-de-coaching-lideratge-personal-lleida-marc-abril-2-014\\\/#primaryimage\"},\"thumbnailUrl\":\"https:\\\/\\\/optimitzat.com\\\/wp-content\\\/uploads\\\/2014\\\/04\\\/DSC01543.jpg\",\"articleSection\":[\"NOT\u00cdCIES\"],\"inLanguage\":\"ca\"},{\"@type\":\"WebPage\",\"@id\":\"https:\\\/\\\/optimitzat.com\\\/ca\\\/curs-de-coaching-lideratge-personal-lleida-marc-abril-2-014\\\/\",\"url\":\"https:\\\/\\\/optimitzat.com\\\/ca\\\/curs-de-coaching-lideratge-personal-lleida-marc-abril-2-014\\\/\",\"name\":\"CURS DE COACHING I LIDERATGE PERSONAL (LLEIDA, MAR\u00c7 - ABRIL 2.014) - Optimitzat\",\"isPartOf\":{\"@id\":\"https:\\\/\\\/optimitzat.com\\\/ca\\\/#website\"},\"primaryImageOfPage\":{\"@id\":\"https:\\\/\\\/optimitzat.com\\\/ca\\\/curs-de-coaching-lideratge-personal-lleida-marc-abril-2-014\\\/#primaryimage\"},\"image\":{\"@id\":\"https:\\\/\\\/optimitzat.com\\\/ca\\\/curs-de-coaching-lideratge-personal-lleida-marc-abril-2-014\\\/#primaryimage\"},\"thumbnailUrl\":\"https:\\\/\\\/optimitzat.com\\\/wp-content\\\/uploads\\\/2014\\\/04\\\/DSC01543.jpg\",\"datePublished\":\"2014-04-04T18:45:38+00:00\",\"dateModified\":\"2016-03-16T15:33:58+00:00\",\"author\":{\"@id\":\"https:\\\/\\\/optimitzat.com\\\/ca\\\/#\\\/schema\\\/person\\\/c43559449b0dfdcb17aadc52be9f1e8c\"},\"description\":\"CURS DE COACHING I LIDERATGE PERSONAL PER CR\u00c9IXER I TENIR \u00c8XIT EN LA VIDA\",\"breadcrumb\":{\"@id\":\"https:\\\/\\\/optimitzat.com\\\/ca\\\/curs-de-coaching-lideratge-personal-lleida-marc-abril-2-014\\\/#breadcrumb\"},\"inLanguage\":\"ca\",\"potentialAction\":[{\"@type\":\"ReadAction\",\"target\":[\"https:\\\/\\\/optimitzat.com\\\/ca\\\/curs-de-coaching-lideratge-personal-lleida-marc-abril-2-014\\\/\"]}]},{\"@type\":\"ImageObject\",\"inLanguage\":\"ca\",\"@id\":\"https:\\\/\\\/optimitzat.com\\\/ca\\\/curs-de-coaching-lideratge-personal-lleida-marc-abril-2-014\\\/#primaryimage\",\"url\":\"https:\\\/\\\/optimitzat.com\\\/wp-content\\\/uploads\\\/2014\\\/04\\\/DSC01543.jpg\",\"contentUrl\":\"https:\\\/\\\/optimitzat.com\\\/wp-content\\\/uploads\\\/2014\\\/04\\\/DSC01543.jpg\",\"width\":200,\"height\":161,\"caption\":\"COACHING PARA EL \u00c9XITO\"},{\"@type\":\"BreadcrumbList\",\"@id\":\"https:\\\/\\\/optimitzat.com\\\/ca\\\/curs-de-coaching-lideratge-personal-lleida-marc-abril-2-014\\\/#breadcrumb\",\"itemListElement\":[{\"@type\":\"ListItem\",\"position\":1,\"name\":\"Portada\",\"item\":\"https:\\\/\\\/optimitzat.com\\\/ca\\\/inici\\\/\"},{\"@type\":\"ListItem\",\"position\":2,\"name\":\"CURS DE COACHING I LIDERATGE PERSONAL (LLEIDA, MAR\u00c7 &#8211; ABRIL 2.014)\"}]},{\"@type\":\"WebSite\",\"@id\":\"https:\\\/\\\/optimitzat.com\\\/ca\\\/#website\",\"url\":\"https:\\\/\\\/optimitzat.com\\\/ca\\\/\",\"name\":\"Optimitzat\",\"description\":\"Ventas, Liderazgo Equipos Alto rendimiento y Motivaci\u00f3n\",\"potentialAction\":[{\"@type\":\"SearchAction\",\"target\":{\"@type\":\"EntryPoint\",\"urlTemplate\":\"https:\\\/\\\/optimitzat.com\\\/ca\\\/?s={search_term_string}\"},\"query-input\":{\"@type\":\"PropertyValueSpecification\",\"valueRequired\":true,\"valueName\":\"search_term_string\"}}],\"inLanguage\":\"ca\"},{\"@type\":\"Person\",\"@id\":\"https:\\\/\\\/optimitzat.com\\\/ca\\\/#\\\/schema\\\/person\\\/c43559449b0dfdcb17aadc52be9f1e8c\",\"name\":\"Jordi Urgell\",\"image\":{\"@type\":\"ImageObject\",\"inLanguage\":\"ca\",\"@id\":\"https:\\\/\\\/secure.gravatar.com\\\/avatar\\\/235180933e34092574bdde878cc36458c3670d8c7ed561b740d85bab77d3f185?s=96&d=mm&r=g\",\"url\":\"https:\\\/\\\/secure.gravatar.com\\\/avatar\\\/235180933e34092574bdde878cc36458c3670d8c7ed561b740d85bab77d3f185?s=96&d=mm&r=g\",\"contentUrl\":\"https:\\\/\\\/secure.gravatar.com\\\/avatar\\\/235180933e34092574bdde878cc36458c3670d8c7ed561b740d85bab77d3f185?s=96&d=mm&r=g\",\"caption\":\"Jordi Urgell\"},\"description\":\"Ayudo empresas y personas a potenciar sus resultados con las 2 palancas m\u00e1s importantes: Ventas + Liderazgo (Equipos alto rendimiento motivados) C\u00f3mo:\u00a0 Con un Sistema probado basado en conocimientos + amplia experiencia\u00a0 (gran cantidad de casos de \u00e9xito y testimonios avalan). Soy Mentor&amp;coach profesional certificado por la International Coach Federation (ICF, n\u00ba de socio 20121083). Consultor y formador de alto impacto. Especialista en Ventas, Motivaci\u00f3n\u00a0 y Coaching&amp;Liderazgo Equipos de Alto Rendimiento (EAR)\"}]}<\/script>\n<!-- \/ Yoast SEO plugin. -->","yoast_head_json":{"title":"CURS DE COACHING I LIDERATGE PERSONAL (LLEIDA, MAR\u00c7 - ABRIL 2.014) - Optimitzat","description":"CURS DE COACHING I LIDERATGE PERSONAL PER CR\u00c9IXER I TENIR \u00c8XIT EN LA VIDA","robots":{"index":"index","follow":"follow","max-snippet":"max-snippet:-1","max-image-preview":"max-image-preview:large","max-video-preview":"max-video-preview:-1"},"canonical":"https:\/\/optimitzat.com\/ca\/curs-de-coaching-lideratge-personal-lleida-marc-abril-2-014\/","og_locale":"ca_ES","og_type":"article","og_title":"CURS DE COACHING I LIDERATGE PERSONAL (LLEIDA, MAR\u00c7 - ABRIL 2.014) - Optimitzat","og_description":"CURS DE COACHING I LIDERATGE PERSONAL PER CR\u00c9IXER I TENIR \u00c8XIT EN LA VIDA","og_url":"https:\/\/optimitzat.com\/ca\/curs-de-coaching-lideratge-personal-lleida-marc-abril-2-014\/","og_site_name":"Optimitzat","article_published_time":"2014-04-04T18:45:38+00:00","article_modified_time":"2016-03-16T15:33:58+00:00","og_image":[{"width":200,"height":161,"url":"https:\/\/optimitzat.com\/wp-content\/uploads\/2014\/04\/DSC01543.jpg","type":"image\/jpeg"}],"author":"Jordi Urgell","twitter_card":"summary_large_image","twitter_misc":{"Escrit per":"Jordi Urgell","Temps estimat de lectura":"2 minuts"},"schema":{"@context":"https:\/\/schema.org","@graph":[{"@type":"Article","@id":"https:\/\/optimitzat.com\/ca\/curs-de-coaching-lideratge-personal-lleida-marc-abril-2-014\/#article","isPartOf":{"@id":"https:\/\/optimitzat.com\/ca\/curs-de-coaching-lideratge-personal-lleida-marc-abril-2-014\/"},"author":{"name":"Jordi Urgell","@id":"https:\/\/optimitzat.com\/ca\/#\/schema\/person\/c43559449b0dfdcb17aadc52be9f1e8c"},"headline":"CURS DE COACHING I LIDERATGE PERSONAL (LLEIDA, MAR\u00c7 &#8211; ABRIL 2.014)","datePublished":"2014-04-04T18:45:38+00:00","dateModified":"2016-03-16T15:33:58+00:00","mainEntityOfPage":{"@id":"https:\/\/optimitzat.com\/ca\/curs-de-coaching-lideratge-personal-lleida-marc-abril-2-014\/"},"wordCount":342,"image":{"@id":"https:\/\/optimitzat.com\/ca\/curs-de-coaching-lideratge-personal-lleida-marc-abril-2-014\/#primaryimage"},"thumbnailUrl":"https:\/\/optimitzat.com\/wp-content\/uploads\/2014\/04\/DSC01543.jpg","articleSection":["NOT\u00cdCIES"],"inLanguage":"ca"},{"@type":"WebPage","@id":"https:\/\/optimitzat.com\/ca\/curs-de-coaching-lideratge-personal-lleida-marc-abril-2-014\/","url":"https:\/\/optimitzat.com\/ca\/curs-de-coaching-lideratge-personal-lleida-marc-abril-2-014\/","name":"CURS DE COACHING I LIDERATGE PERSONAL (LLEIDA, MAR\u00c7 - ABRIL 2.014) - Optimitzat","isPartOf":{"@id":"https:\/\/optimitzat.com\/ca\/#website"},"primaryImageOfPage":{"@id":"https:\/\/optimitzat.com\/ca\/curs-de-coaching-lideratge-personal-lleida-marc-abril-2-014\/#primaryimage"},"image":{"@id":"https:\/\/optimitzat.com\/ca\/curs-de-coaching-lideratge-personal-lleida-marc-abril-2-014\/#primaryimage"},"thumbnailUrl":"https:\/\/optimitzat.com\/wp-content\/uploads\/2014\/04\/DSC01543.jpg","datePublished":"2014-04-04T18:45:38+00:00","dateModified":"2016-03-16T15:33:58+00:00","author":{"@id":"https:\/\/optimitzat.com\/ca\/#\/schema\/person\/c43559449b0dfdcb17aadc52be9f1e8c"},"description":"CURS DE COACHING I LIDERATGE PERSONAL PER CR\u00c9IXER I TENIR \u00c8XIT EN LA VIDA","breadcrumb":{"@id":"https:\/\/optimitzat.com\/ca\/curs-de-coaching-lideratge-personal-lleida-marc-abril-2-014\/#breadcrumb"},"inLanguage":"ca","potentialAction":[{"@type":"ReadAction","target":["https:\/\/optimitzat.com\/ca\/curs-de-coaching-lideratge-personal-lleida-marc-abril-2-014\/"]}]},{"@type":"ImageObject","inLanguage":"ca","@id":"https:\/\/optimitzat.com\/ca\/curs-de-coaching-lideratge-personal-lleida-marc-abril-2-014\/#primaryimage","url":"https:\/\/optimitzat.com\/wp-content\/uploads\/2014\/04\/DSC01543.jpg","contentUrl":"https:\/\/optimitzat.com\/wp-content\/uploads\/2014\/04\/DSC01543.jpg","width":200,"height":161,"caption":"COACHING PARA EL \u00c9XITO"},{"@type":"BreadcrumbList","@id":"https:\/\/optimitzat.com\/ca\/curs-de-coaching-lideratge-personal-lleida-marc-abril-2-014\/#breadcrumb","itemListElement":[{"@type":"ListItem","position":1,"name":"Portada","item":"https:\/\/optimitzat.com\/ca\/inici\/"},{"@type":"ListItem","position":2,"name":"CURS DE COACHING I LIDERATGE PERSONAL (LLEIDA, MAR\u00c7 &#8211; ABRIL 2.014)"}]},{"@type":"WebSite","@id":"https:\/\/optimitzat.com\/ca\/#website","url":"https:\/\/optimitzat.com\/ca\/","name":"Optimitzat","description":"Ventas, Liderazgo Equipos Alto rendimiento y Motivaci\u00f3n","potentialAction":[{"@type":"SearchAction","target":{"@type":"EntryPoint","urlTemplate":"https:\/\/optimitzat.com\/ca\/?s={search_term_string}"},"query-input":{"@type":"PropertyValueSpecification","valueRequired":true,"valueName":"search_term_string"}}],"inLanguage":"ca"},{"@type":"Person","@id":"https:\/\/optimitzat.com\/ca\/#\/schema\/person\/c43559449b0dfdcb17aadc52be9f1e8c","name":"Jordi Urgell","image":{"@type":"ImageObject","inLanguage":"ca","@id":"https:\/\/secure.gravatar.com\/avatar\/235180933e34092574bdde878cc36458c3670d8c7ed561b740d85bab77d3f185?s=96&d=mm&r=g","url":"https:\/\/secure.gravatar.com\/avatar\/235180933e34092574bdde878cc36458c3670d8c7ed561b740d85bab77d3f185?s=96&d=mm&r=g","contentUrl":"https:\/\/secure.gravatar.com\/avatar\/235180933e34092574bdde878cc36458c3670d8c7ed561b740d85bab77d3f185?s=96&d=mm&r=g","caption":"Jordi Urgell"},"description":"Ayudo empresas y personas a potenciar sus resultados con las 2 palancas m\u00e1s importantes: Ventas + Liderazgo (Equipos alto rendimiento motivados) C\u00f3mo:\u00a0 Con un Sistema probado basado en conocimientos + amplia experiencia\u00a0 (gran cantidad de casos de \u00e9xito y testimonios avalan). Soy Mentor&amp;coach profesional certificado por la International Coach Federation (ICF, n\u00ba de socio 20121083). Consultor y formador de alto impacto. Especialista en Ventas, Motivaci\u00f3n\u00a0 y Coaching&amp;Liderazgo Equipos de Alto Rendimiento (EAR)"}]}},"_links":{"self":[{"href":"https:\/\/optimitzat.com\/ca\/wp-json\/wp\/v2\/posts\/1004","targetHints":{"allow":["GET"]}}],"collection":[{"href":"https:\/\/optimitzat.com\/ca\/wp-json\/wp\/v2\/posts"}],"about":[{"href":"https:\/\/optimitzat.com\/ca\/wp-json\/wp\/v2\/types\/post"}],"author":[{"embeddable":true,"href":"https:\/\/optimitzat.com\/ca\/wp-json\/wp\/v2\/users\/5"}],"replies":[{"embeddable":true,"href":"https:\/\/optimitzat.com\/ca\/wp-json\/wp\/v2\/comments?post=1004"}],"version-history":[{"count":1,"href":"https:\/\/optimitzat.com\/ca\/wp-json\/wp\/v2\/posts\/1004\/revisions"}],"predecessor-version":[{"id":3912,"href":"https:\/\/optimitzat.com\/ca\/wp-json\/wp\/v2\/posts\/1004\/revisions\/3912"}],"wp:featuredmedia":[{"embeddable":true,"href":"https:\/\/optimitzat.com\/ca\/wp-json\/wp\/v2\/media\/1006"}],"wp:attachment":[{"href":"https:\/\/optimitzat.com\/ca\/wp-json\/wp\/v2\/media?parent=1004"}],"wp:term":[{"taxonomy":"category","embeddable":true,"href":"https:\/\/optimitzat.com\/ca\/wp-json\/wp\/v2\/categories?post=1004"},{"taxonomy":"post_tag","embeddable":true,"href":"https:\/\/optimitzat.com\/ca\/wp-json\/wp\/v2\/tags?post=1004"}],"curies":[{"name":"wp","href":"https:\/\/api.w.org\/{rel}","templated":true}]}}